{"id":58301,"date":"2025-01-07T15:59:43","date_gmt":"2025-01-07T14:59:43","guid":{"rendered":"https:\/\/ticker-noticiasep.microcontenidos.com\/NoticiaRSS.vbhtml?user=FRND562DLP&amp;cod=20250107155943"},"modified":"2025-01-07T15:59:43","modified_gmt":"2025-01-07T14:59:43","slug":"selecta-digital-presenta-en-un-webinar-su-guia-salarial-de-talento-tecnologico-en-espana","status":"publish","type":"post","link":"https:\/\/webciudadana.net\/?p=58301","title":{"rendered":"Selecta Digital presenta en un webinar su Gu\u00eda Salarial de talento tecnol\u00f3gico en Espa\u00f1a"},"content":{"rendered":"\n<div><img decoding=\"async\" src=\"https:\/\/img.europapress.es\/fotoweb\/fotonoticia_20250107155943_300.jpg\" class=\"ff-og-image-inserted\"><\/div>\n<p>(Informaci\u00f3n remitida por la empresa firmante)<\/p>\n<p>\nEl 15 de enero, la consultora compartir\u00e1 a trav\u00e9s de su LinkedIn las tendencias salariales de los perfiles TIC durante 2023 y 2024<\/p>\n<p>\nMadrid, 7 de enero de 2025.-*El pr\u00f3ximo 15 de enero a las 13.00 horas, Selecta Digital, consultora especializada en la selecci\u00f3n de talento tecnol\u00f3gico, organizar\u00e1 un webinar exclusivo a trav\u00e9s de su perfil de LinkedIn para presentar su Gu\u00eda Salarial de Talento TIC. Un directo en el que se ofrecer\u00e1 un an\u00e1lisis profundo sobre las tendencias salariales en el sector tecnol\u00f3gico en Espa\u00f1a durante el periodo que comprende el \u00faltimo trimestre del 2023 y tambi\u00e9n el a\u00f1o 2024, proporcionando informaci\u00f3n clave tanto para empresas como para profesionales del \u00e1mbito de las Tecnolog\u00edas de la Informaci\u00f3n y la Comunicaci\u00f3n.*<\/p>\n<p>\nEn un sector en constante evoluci\u00f3n, marcado por la transformaci\u00f3n digital y la creciente demanda de perfiles especializados, la Gu\u00eda Salarial de Selecta Digital se posiciona como una herramienta esencial para entender las expectativas econ\u00f3micas y las tendencias del mercado laboral tecnol\u00f3gico. Durante el webinar, la consultora desglosar\u00e1 datos actualizados sobre los rangos salariales de los principales perfiles TIC, teniendo en cuenta a los perfiles medios y seniors. Los datos fueron extra\u00eddos a partir de m\u00e1s de 4.500 entrevistas realizadas por Selecta Digital.<\/p>\n<p> El webinar, adem\u00e1s de presentar la Gu\u00eda Salarial, incluir\u00e1 un espacio de preguntas y respuestas para que los asistentes puedan resolver sus dudas directamente con Gisela \u00c1lvarez y Luis Valdivia, dos expertos en la selecci\u00f3n de perfiles tecnol\u00f3gicos y digitales de Selecta Digital que ahondar\u00e1n en los factores que influyen en la determinaci\u00f3n de los salarios en el sector TIC. Este formato interactivo facilitar\u00e1 un di\u00e1logo, permitiendo tanto a responsables de RR.*HH. como a profesionales TIC comprender c\u00f3mo posicionarse en un mercado laboral competitivo. Para acceder a esta charla basta con asistir a este evento.**<\/p>\n<p>\nEn esta Gu\u00eda Salarial, Selecta Digital divide las posiciones seg\u00fan cinco especialidades que incluyen posiciones y sus respectivos rangos salariales dependiendo de la experiencia: perfiles de desarrollo (backend, frontend y otros perfiles de este \u00e1mbito), perfiles de datos, perfiles digitales, otros perfiles tecnol\u00f3gicos y perfiles tech sales. Asimismo, elabora un r\u00e1nking del promedio de salario anual de las posiciones del sector TIC de 3 a 5 a\u00f1os de experiencia y una comparativa promedio del salario para cada posici\u00f3n.<\/p>\n<p> Sobre Selecta Digital&nbsp;*<\/p>\n<p>\nSelecta Digital es una consultora de reclutamiento TIC especializada en perfiles tecnol\u00f3gicos y digitales que ofrece servicios de selecci\u00f3n y tambi\u00e9n servicios de RPO tecnol\u00f3gico.&nbsp;&nbsp;&nbsp;*<\/p>\n<p>\nHa gestionado con \u00e9xito m\u00e1s de 500 procesos de selecci\u00f3n para diferentes clientes, tanto en Espa\u00f1a como en otros pa\u00edses, logrando cerrarlos de forma exitosa en un promedio de 21 d\u00edas. Sus consultores est\u00e1n especializados por tecnolog\u00edas y perfiles y cuenta con presencia en Galicia, Arag\u00f3n, Andaluc\u00eda y Madrid &#8211; su sede central est\u00e1 en Paseo de la Castellana 143, al lado de la Plaza de Cuzco.&nbsp;<\/p>\n<p>\nContacto<\/p>\n<p>\nNombre contacto: Mar\u00eda L\u00f3pez<\/p>\n<p>\nDescripci\u00f3n contacto: Top Position<\/p>\n<p>\nTel\u00e9fono de contacto: 917123274<\/p>\n","protected":false},"excerpt":{"rendered":"<p>(Informaci\u00f3n remitida por la empresa firmante) El 15 de enero, la consultora compartir\u00e1 a trav\u00e9s de su LinkedIn las tendencias salariales de los perfiles TIC durante 2023 y 2024 Madrid, 7 de enero de 2025.-*El pr\u00f3ximo 15 de enero a las 13.00 horas, Selecta Digital, consultora especializada en la selecci\u00f3n de talento tecnol\u00f3gico, organizar\u00e1 un [&hellip;]<\/p>\n","protected":false},"author":1,"featured_media":0,"comment_status":"closed","ping_status":"closed","sticky":false,"template":"","format":"standard","meta":{"footnotes":""},"categories":[2],"tags":[],"class_list":["post-58301","post","type-post","status-publish","format-standard","hentry","category-noticias"],"_links":{"self":[{"href":"https:\/\/webciudadana.net\/index.php?rest_route=\/wp\/v2\/posts\/58301","targetHints":{"allow":["GET"]}}],"collection":[{"href":"https:\/\/webciudadana.net\/index.php?rest_route=\/wp\/v2\/posts"}],"about":[{"href":"https:\/\/webciudadana.net\/index.php?rest_route=\/wp\/v2\/types\/post"}],"author":[{"embeddable":true,"href":"https:\/\/webciudadana.net\/index.php?rest_route=\/wp\/v2\/users\/1"}],"replies":[{"embeddable":true,"href":"https:\/\/webciudadana.net\/index.php?rest_route=%2Fwp%2Fv2%2Fcomments&post=58301"}],"version-history":[{"count":0,"href":"https:\/\/webciudadana.net\/index.php?rest_route=\/wp\/v2\/posts\/58301\/revisions"}],"wp:attachment":[{"href":"https:\/\/webciudadana.net\/index.php?rest_route=%2Fwp%2Fv2%2Fmedia&parent=58301"}],"wp:term":[{"taxonomy":"category","embeddable":true,"href":"https:\/\/webciudadana.net\/index.php?rest_route=%2Fwp%2Fv2%2Fcategories&post=58301"},{"taxonomy":"post_tag","embeddable":true,"href":"https:\/\/webciudadana.net\/index.php?rest_route=%2Fwp%2Fv2%2Ftags&post=58301"}],"curies":[{"name":"wp","href":"https:\/\/api.w.org\/{rel}","templated":true}]}}