{"id":58320,"date":"2025-01-08T09:32:57","date_gmt":"2025-01-08T08:32:57","guid":{"rendered":"https:\/\/ticker-noticiasep.microcontenidos.com\/NoticiaRSS.vbhtml?user=FRND562DLP&amp;cod=20250108093257"},"modified":"2025-01-08T09:32:57","modified_gmt":"2025-01-08T08:32:57","slug":"ignacio-purcell-mena-lidera-el-crecimiento-global-de-black-star-group-con-una-vision-estrategica-de-futuro","status":"publish","type":"post","link":"https:\/\/webciudadana.net\/?p=58320","title":{"rendered":"Ignacio Purcell Mena lidera el crecimiento global de Black Star Group con una visi\u00f3n estrat\u00e9gica de futuro"},"content":{"rendered":"\n<div><img decoding=\"async\" src=\"https:\/\/img.europapress.es\/fotoweb\/fotonoticia_20250108093257_300.jpg\" class=\"ff-og-image-inserted\"><\/div>\n<p>(Informaci\u00f3n remitida por la empresa firmante)<\/p>\n<p>\nIgnacio Purcell Mena impulsa la expansi\u00f3n global de Black Star Group con proyectos estrat\u00e9gicos centrados en innovaci\u00f3n, sostenibilidad y alianzas internacionales clave<\/p>\n<p>\nMadrid, 8 de enero de 2025.- Bajo la direcci\u00f3n de Ignacio Purcell Mena, Black Star Group anuncia una nueva fase de expansi\u00f3n global impulsada por proyectos estrat\u00e9gicos centrados en innovaci\u00f3n tecnol\u00f3gica, sostenibilidad y desarrollo corporativo.*<\/p>\n<p>\nEsta iniciativa busca consolidar a la empresa como un referente en el sector energ\u00e9tico mundial mediante inversiones en tecnolog\u00edas limpias, digitalizaci\u00f3n de procesos y desarrollo de nuevas alianzas internacionales.<\/p>\n<p> Innovaci\u00f3n y digitalizaci\u00f3n: claves del crecimiento de Ignacio Purcell Mena<\/p>\n<p>\nIgnacio Purcell Mena ha dise\u00f1ado un plan que transforma las operaciones de Black Star Group mediante la incorporaci\u00f3n de tecnolog\u00edas avanzadas como inteligencia artificial y an\u00e1lisis predictivo. Esto permite mejorar la eficiencia operativa, optimizar la gesti\u00f3n de recursos y reducir la huella de carbono de la compa\u00f1\u00eda, aline\u00e1ndose con los objetivos globales de sostenibilidad.<\/p>\n<p> \u00abLa transformaci\u00f3n digital no es solo una opci\u00f3n, es una necesidad para mantenernos competitivos y responsables con el medio ambiente,\u00bb afirm\u00f3 Purcell Mena al presentar la nueva estrategia corporativa.<\/p>\n<p> Expansi\u00f3n internacional y nuevas alianzas<\/p>\n<p>\nCon la expansi\u00f3n global como meta principal, Black Star Group est\u00e1 estableciendo nuevas alianzas estrat\u00e9gicas en mercados clave de Europa y Am\u00e9rica Latina.*<\/p>\n<p>\nEstos acuerdos permiten a la empresa diversificar sus operaciones, aumentar su capacidad de producci\u00f3n y acceder a tecnolog\u00edas energ\u00e9ticas de \u00faltima generaci\u00f3n, fortaleciendo su posici\u00f3n como l\u00edder de la industria.<\/p>\n<p> Adem\u00e1s, se est\u00e1n desarrollando proyectos conjuntos con empresas tecnol\u00f3gicas especializadas en energ\u00edas renovables para explorar nuevas fuentes de energ\u00eda sostenible, como parques solares y e\u00f3licos en regiones estrat\u00e9gicas.<\/p>\n<p> El compromiso de Black Star Group con el desarrollo sostenible<\/p>\n<p>\nLa sostenibilidad es un pilar fundamental en la visi\u00f3n de Ignacio Purcell Mena para Black Star Group.*<\/p>\n<p>\nLa empresa ha reforzado sus inversiones en programas de desarrollo social y ambiental que incluyen capacitaci\u00f3n laboral, apoyo a comunidades locales y reducci\u00f3n de emisiones contaminantes en sus operaciones principales.<\/p>\n<p> \u00abNuestra responsabilidad no se limita a generar valor econ\u00f3mico, sino tambi\u00e9n a generar un impacto positivo en las comunidades donde operamos,\u00bb destaca Ignacio Purcell Mena.<\/p>\n<p> Un futuro definido por la innovaci\u00f3n y la sostenibilidad<\/p>\n<p>\nGracias a la visi\u00f3n estrat\u00e9gica y al liderazgo de Ignacio Purcell Mena, Black Star Group se posiciona como una empresa preparada para afrontar los desaf\u00edos del mercado energ\u00e9tico global.*<\/p>\n<p>\nSu enfoque centrado en la innovaci\u00f3n tecnol\u00f3gica y la sostenibilidad garantiza un crecimiento s\u00f3lido y responsable, con un impacto positivo tanto en la industria como en la sociedad.<\/p>\n<p> Con estas nuevas iniciativas, Ignacio Purcell Mena reafirma su compromiso de liderar con responsabilidad, adaptarse a los cambios del sector y mantener a Black Star Group a la vanguardia de la transformaci\u00f3n energ\u00e9tica global.<\/p>\n<p> Contacto<\/p>\n<p>\nNombre contacto: Ignacio Purcell Mena<\/p>\n<p>\nDescripci\u00f3n contacto: PR Black Star Group<\/p>\n<p>\nTel\u00e9fono de contacto: +34 876 091 219<\/p>\n","protected":false},"excerpt":{"rendered":"<p>(Informaci\u00f3n remitida por la empresa firmante) Ignacio Purcell Mena impulsa la expansi\u00f3n global de Black Star Group con proyectos estrat\u00e9gicos centrados en innovaci\u00f3n, sostenibilidad y alianzas internacionales clave Madrid, 8 de enero de 2025.- Bajo la direcci\u00f3n de Ignacio Purcell Mena, Black Star Group anuncia una nueva fase de expansi\u00f3n global impulsada por proyectos estrat\u00e9gicos [&hellip;]<\/p>\n","protected":false},"author":1,"featured_media":0,"comment_status":"closed","ping_status":"closed","sticky":false,"template":"","format":"standard","meta":{"footnotes":""},"categories":[2],"tags":[],"class_list":["post-58320","post","type-post","status-publish","format-standard","hentry","category-noticias"],"_links":{"self":[{"href":"https:\/\/webciudadana.net\/index.php?rest_route=\/wp\/v2\/posts\/58320","targetHints":{"allow":["GET"]}}],"collection":[{"href":"https:\/\/webciudadana.net\/index.php?rest_route=\/wp\/v2\/posts"}],"about":[{"href":"https:\/\/webciudadana.net\/index.php?rest_route=\/wp\/v2\/types\/post"}],"author":[{"embeddable":true,"href":"https:\/\/webciudadana.net\/index.php?rest_route=\/wp\/v2\/users\/1"}],"replies":[{"embeddable":true,"href":"https:\/\/webciudadana.net\/index.php?rest_route=%2Fwp%2Fv2%2Fcomments&post=58320"}],"version-history":[{"count":0,"href":"https:\/\/webciudadana.net\/index.php?rest_route=\/wp\/v2\/posts\/58320\/revisions"}],"wp:attachment":[{"href":"https:\/\/webciudadana.net\/index.php?rest_route=%2Fwp%2Fv2%2Fmedia&parent=58320"}],"wp:term":[{"taxonomy":"category","embeddable":true,"href":"https:\/\/webciudadana.net\/index.php?rest_route=%2Fwp%2Fv2%2Fcategories&post=58320"},{"taxonomy":"post_tag","embeddable":true,"href":"https:\/\/webciudadana.net\/index.php?rest_route=%2Fwp%2Fv2%2Ftags&post=58320"}],"curies":[{"name":"wp","href":"https:\/\/api.w.org\/{rel}","templated":true}]}}