{"id":58343,"date":"2025-01-08T16:07:57","date_gmt":"2025-01-08T15:07:57","guid":{"rendered":"https:\/\/ticker-noticiasep.microcontenidos.com\/NoticiaRSS.vbhtml?user=FRND562DLP&amp;cod=20250108160757"},"modified":"2025-01-08T16:07:57","modified_gmt":"2025-01-08T15:07:57","slug":"envapro-alcanza-una-facturacion-record-de-91-millones-de-euros-en-2024","status":"publish","type":"post","link":"https:\/\/webciudadana.net\/?p=58343","title":{"rendered":"Envapro alcanza una facturaci\u00f3n r\u00e9cord de 9,1 millones de euros en 2024"},"content":{"rendered":"\n<div><img decoding=\"async\" src=\"https:\/\/img.europapress.es\/fotoweb\/fotonoticia_20250108160757_300.jpg\" class=\"ff-og-image-inserted\"><\/div>\n<p>(Informaci\u00f3n remitida por la empresa firmante)<\/p>\n<p>\nLa empresa l\u00edder en packaging sostenible crece un 15% respecto al a\u00f1o anterior<\/p>\n<p>\nMadrid, 8 de enero de 2025.- La compa\u00f1\u00eda l\u00edder en envases desechables para take away, Envapro, ha cerrado el a\u00f1o 2024 con una facturaci\u00f3n de 9,1 millones de euros, consolidando su posici\u00f3n en el sector de packaging sostenible para hosteler\u00eda. Este crecimiento representa un incremento del 15% respecto al ejercicio anterior, resultado de una estrategia centrada en la innovaci\u00f3n, la sostenibilidad y la mejora constante de sus servicios.<\/p>\n<p> La empresa ha experimentado un notable crecimiento en su plantilla, alcanzando los 31 empleados. Entre las recientes incorporaciones destaca la de Carlos Ortiz, fundador de la cadena Aloha Pok\u00e9 y actual director estrat\u00e9gico de Envapro, junto a la de otros destacados profesionales del sector de foodservice y packaging, que ahora forman parte de su equipo comercial. Este refuerzo en la plantilla ha permitido acompa\u00f1ar la expansi\u00f3n de Envapro, que en 2024 ha inaugurado unas nuevas instalaciones en Getafe (Madrid) con m\u00e1s de 10.000 metros cuadrados de superficie. Equipadas con placas solares, estas instalaciones han permitido duplicar su capacidad de almacenaje e incluyen un renovado showroom con m\u00e1s de 3.500 referencias en bolsas de papel, vasos de cart\u00f3n, servilletas, manteles, pajitas y todo lo necesario para el reparto de alimentos y bebidas.<\/p>\n<p> Desde su fundaci\u00f3n, en 2006, Envapro trabaja para atender las necesidades de sus clientes, una red que actualmente supera los 1.800 negocios. Entre ellos se incluyen restaurantes, bares, cafeter\u00edas, empresas de catering, pasteler\u00edas, hoteles y colectividades. En palabras de Antonio Otero, director general de Envapro, \u00abeste a\u00f1o ha sido especialmente significativo para nosotros. El crecimiento en facturaci\u00f3n y la ampliaci\u00f3n de nuestras instalaciones son un reflejo de nuestro compromiso con nuestros clientes y nuestra dedicaci\u00f3n a mejorar sus servicios de take away\u00bb.<\/p>\n<p> En l\u00ednea con su compromiso medioambiental, Envapro ha lanzado en 2024 una nueva gama de productos sostenibles, como las tarrinas &#8216;plastic free&#8217; y &#8216;home compostable&#8217;, adem\u00e1s de incrementar su l\u00ednea de bolsas fabricadas con papel de origen reciclado. Asimismo, la empresa ha renovado su identidad de marca, introduciendo nuevos colores en su logotipo para reflejar su apuesta por la sostenibilidad y la innovaci\u00f3n.<\/p>\n<p> Otro logro destacado ha sido el acuerdo de Envapro con Ecoembes, a trav\u00e9s del cual la marca de packaging proporciona a sus clientes un soporte integral para cumplir con la declaraci\u00f3n obligatoria de envases. Esta alianza facilita la gesti\u00f3n ante el Sistema Colectivo de Responsabilidad Ampliada del Productor (SCRAP) de Ecoembes, reforzando el compromiso de Envapro con la sostenibilidad y la responsabilidad ambiental.<\/p>\n<p> Envapro tambi\u00e9n ha reforzado su colaboraci\u00f3n con la ONG del chef Jos\u00e9 Andr\u00e9s, World Central Kitchen (WCK), proporcionando envases para el reparto de alimentos en situaciones de emergencia como la DANA de Valencia. Esta colaboraci\u00f3n subraya su compromiso con la responsabilidad social y el apoyo a las comunidades en momentos de necesidad.<\/p>\n<p> De cara al futuro, Envapro se plantea seguir ampliando su cuota de mercado y reforzar su posici\u00f3n como l\u00edder del sector, manteniendo su enfoque en la sostenibilidad, la innovaci\u00f3n y el servicio personalizado para sus clientes. Seg\u00fan Antonio Otero, \u00abnuestro objetivo es continuar ofreciendo el mejor vestido para los men\u00fas para llevar de los restaurantes, ofreci\u00e9ndoles valor a\u00f1adido a trav\u00e9s del envase y contribuyendo a un futuro responsable y sostenible\u00bb.<\/p>\n<p> Acerca de Envapro<\/p>\n<p>\nEnvapro est\u00e1 especializada en packaging para hosteler\u00eda, restauraci\u00f3n y catering. Como referente en el sector, ofrece envases innovadores para &#8216;take away&#8217; y &#8216;delivery&#8217; *apoyando el crecimiento de sus clientes con soluciones personalizadas. Fundada en 2006, la compa\u00f1\u00eda ha sido pionera apostando desde sus inicios por envases respetuosos con el medio ambiente, fabricados a partir de materiales sostenibles como el cart\u00f3n kraft o la ca\u00f1a de az\u00facar.<\/p>\n<p> Contacto<\/p>\n<p>\nNombre contacto: Elena Pati\u00f1o<\/p>\n<p>\nDescripci\u00f3n contacto: Envapro\/Directora de Comunicaci\u00f3n<\/p>\n<p>\nTel\u00e9fono de contacto: 673267070<\/p>\n","protected":false},"excerpt":{"rendered":"<p>(Informaci\u00f3n remitida por la empresa firmante) La empresa l\u00edder en packaging sostenible crece un 15% respecto al a\u00f1o anterior Madrid, 8 de enero de 2025.- La compa\u00f1\u00eda l\u00edder en envases desechables para take away, Envapro, ha cerrado el a\u00f1o 2024 con una facturaci\u00f3n de 9,1 millones de euros, consolidando su posici\u00f3n en el sector de [&hellip;]<\/p>\n","protected":false},"author":1,"featured_media":0,"comment_status":"closed","ping_status":"closed","sticky":false,"template":"","format":"standard","meta":{"footnotes":""},"categories":[2],"tags":[],"class_list":["post-58343","post","type-post","status-publish","format-standard","hentry","category-noticias"],"_links":{"self":[{"href":"https:\/\/webciudadana.net\/index.php?rest_route=\/wp\/v2\/posts\/58343","targetHints":{"allow":["GET"]}}],"collection":[{"href":"https:\/\/webciudadana.net\/index.php?rest_route=\/wp\/v2\/posts"}],"about":[{"href":"https:\/\/webciudadana.net\/index.php?rest_route=\/wp\/v2\/types\/post"}],"author":[{"embeddable":true,"href":"https:\/\/webciudadana.net\/index.php?rest_route=\/wp\/v2\/users\/1"}],"replies":[{"embeddable":true,"href":"https:\/\/webciudadana.net\/index.php?rest_route=%2Fwp%2Fv2%2Fcomments&post=58343"}],"version-history":[{"count":0,"href":"https:\/\/webciudadana.net\/index.php?rest_route=\/wp\/v2\/posts\/58343\/revisions"}],"wp:attachment":[{"href":"https:\/\/webciudadana.net\/index.php?rest_route=%2Fwp%2Fv2%2Fmedia&parent=58343"}],"wp:term":[{"taxonomy":"category","embeddable":true,"href":"https:\/\/webciudadana.net\/index.php?rest_route=%2Fwp%2Fv2%2Fcategories&post=58343"},{"taxonomy":"post_tag","embeddable":true,"href":"https:\/\/webciudadana.net\/index.php?rest_route=%2Fwp%2Fv2%2Ftags&post=58343"}],"curies":[{"name":"wp","href":"https:\/\/api.w.org\/{rel}","templated":true}]}}