{"id":58345,"date":"2025-01-08T15:56:36","date_gmt":"2025-01-08T14:56:36","guid":{"rendered":"https:\/\/ticker-noticiasep.microcontenidos.com\/NoticiaRSS.vbhtml?user=FRND562DLP&amp;cod=20250108155636"},"modified":"2025-01-08T15:56:36","modified_gmt":"2025-01-08T14:56:36","slug":"sociedad-tempel-group-lleva-alegria-a-los-ninos-afectados-por-la-dana-con-su-campana-de-donacion-de-juguetes","status":"publish","type":"post","link":"https:\/\/webciudadana.net\/?p=58345","title":{"rendered":"Sociedad: Tempel Group lleva alegr\u00eda a los ni\u00f1os afectados por la DANA con su campa\u00f1a de donaci\u00f3n de juguetes"},"content":{"rendered":"\n<div><img decoding=\"async\" src=\"https:\/\/img.europapress.es\/fotoweb\/fotonoticia_20250108155636_300.jpg\" class=\"ff-og-image-inserted\"><\/div>\n<p>(Informaci\u00f3n remitida por la empresa firmante)<\/p>\n<p>\nEn un a\u00f1o lleno de retos para muchas familias de la Comunidad Valenciana, Tempel Group ha querido aportar un rayo de esperanza y felicidad a los ni\u00f1os m\u00e1s vulnerables. \u00abPor cuarto a\u00f1o consecutivo, hemos lanzado nuestra campa\u00f1a de donaci\u00f3n de juguetes, que habitualmente destinamos a hospitales de distintas comunidades de Espa\u00f1a. Esta vez, nos hemos centrado en los ni\u00f1os afectados por la DANA, en la Comunidad Valenciana\u00bb<\/p>\n<p>\nEspa\u00f1a, 8 de enero de 2025.- \u00abDurante todo el mes de diciembre de 2024, organizamos una campa\u00f1a solidaria de recolecci\u00f3n de juguetes con el firme compromiso de duplicar la cantidad recaudada, tal como hemos hecho en a\u00f1os anteriores. Gracias a este esfuerzo colectivo y la generosidad de todos, logramos reunir m\u00e1s de doscientos juguetes, los cuales fueron enviados a los ni\u00f1os de Albalat del Sorells, una de las localidades m\u00e1s afectadas por las recientes inundaciones. Esta comunidad ha sido un punto de apoyo constante para Tempel Group desde las graves consecuencias de la DANA, tras nuestra*reciente donaci\u00f3n de mascarillas para contribuir a su bienestar y salud\u00bb.<\/p>\n<p> Esta campa\u00f1a no solo refleja su compromiso con la responsabilidad social, sino tambi\u00e9n su firme convicci\u00f3n de que la solidaridad y la cooperaci\u00f3n pueden transformar la realidad de las personas en los momentos m\u00e1s dif\u00edciles y desafiantes. \u00abQueremos agradecer especialmente a todos nuestros empleados por su generosidad, tiempo, esfuerzo y dedicaci\u00f3n para sumarse a esta causa, demostrando as\u00ed un esp\u00edritu de unidad y trabajo en equipo\u00bb.<\/p>\n<p> \u00abEl esp\u00edritu de comunidad y apoyo mutuo sigue siendo el coraz\u00f3n de Tempel Group, que esperamos que, con este gesto solidario, hayamos logrado devolver una sonrisa a los ni\u00f1os de la regi\u00f3n, demostrando que, juntos, con esfuerzo y colaboraci\u00f3n, es posible superar las adversidades\u00bb.<\/p>\n<p> Acerca de Tempel Group<\/p>\n<p>\nTempel Group es una empresa comprometida con el bienestar social, impulsando iniciativas que fomentan el progreso hacia un mundo m\u00e1s saludable, colaborativo y sostenible. A trav\u00e9s de sus campa\u00f1as solidarias, Tempel Group reafirma su compromiso con la responsabilidad social, un pilar fundamental de su cultura empresarial, en la que el enfoque cooperativo con su equipo es clave para alcanzar sus objetivos.<\/p>\n<p> Contacto<\/p>\n<p>\nNombre contacto: Tempel Group<\/p>\n<p>\nDescripci\u00f3n contacto: Tempel Group<\/p>\n<p>\nTel\u00e9fono de contacto: 936003600<\/p>\n","protected":false},"excerpt":{"rendered":"<p>(Informaci\u00f3n remitida por la empresa firmante) En un a\u00f1o lleno de retos para muchas familias de la Comunidad Valenciana, Tempel Group ha querido aportar un rayo de esperanza y felicidad a los ni\u00f1os m\u00e1s vulnerables. \u00abPor cuarto a\u00f1o consecutivo, hemos lanzado nuestra campa\u00f1a de donaci\u00f3n de juguetes, que habitualmente destinamos a hospitales de distintas comunidades [&hellip;]<\/p>\n","protected":false},"author":1,"featured_media":0,"comment_status":"closed","ping_status":"closed","sticky":false,"template":"","format":"standard","meta":{"footnotes":""},"categories":[2],"tags":[],"class_list":["post-58345","post","type-post","status-publish","format-standard","hentry","category-noticias"],"_links":{"self":[{"href":"https:\/\/webciudadana.net\/index.php?rest_route=\/wp\/v2\/posts\/58345","targetHints":{"allow":["GET"]}}],"collection":[{"href":"https:\/\/webciudadana.net\/index.php?rest_route=\/wp\/v2\/posts"}],"about":[{"href":"https:\/\/webciudadana.net\/index.php?rest_route=\/wp\/v2\/types\/post"}],"author":[{"embeddable":true,"href":"https:\/\/webciudadana.net\/index.php?rest_route=\/wp\/v2\/users\/1"}],"replies":[{"embeddable":true,"href":"https:\/\/webciudadana.net\/index.php?rest_route=%2Fwp%2Fv2%2Fcomments&post=58345"}],"version-history":[{"count":0,"href":"https:\/\/webciudadana.net\/index.php?rest_route=\/wp\/v2\/posts\/58345\/revisions"}],"wp:attachment":[{"href":"https:\/\/webciudadana.net\/index.php?rest_route=%2Fwp%2Fv2%2Fmedia&parent=58345"}],"wp:term":[{"taxonomy":"category","embeddable":true,"href":"https:\/\/webciudadana.net\/index.php?rest_route=%2Fwp%2Fv2%2Fcategories&post=58345"},{"taxonomy":"post_tag","embeddable":true,"href":"https:\/\/webciudadana.net\/index.php?rest_route=%2Fwp%2Fv2%2Ftags&post=58345"}],"curies":[{"name":"wp","href":"https:\/\/api.w.org\/{rel}","templated":true}]}}