{"id":58357,"date":"2025-01-09T03:49:31","date_gmt":"2025-01-09T02:49:31","guid":{"rendered":"https:\/\/ticker-noticiasep.microcontenidos.com\/NoticiaRSS.vbhtml?user=FRND562DLP&amp;cod=20250109034931"},"modified":"2025-01-09T03:49:31","modified_gmt":"2025-01-09T02:49:31","slug":"mundo-pr-measurement-debuta-en-ces-2025-redefiniendo-las-aplicaciones-industriales-y-la-fabricacion-flexible","status":"publish","type":"post","link":"https:\/\/webciudadana.net\/?p=58357","title":{"rendered":"Mundo: P&amp;R Measurement debuta en CES 2025: redefiniendo las aplicaciones industriales y la fabricaci\u00f3n flexible"},"content":{"rendered":"\n<div><img decoding=\"async\" src=\"https:\/\/img.europapress.es\/fotoweb\/fotonoticia_20250109034931_300.jpg\" class=\"ff-og-image-inserted\"><\/div>\n<p>(Informaci\u00f3n remitida por la empresa firmante)<\/p>\n<p>\nLAS VEGAS, 9 de enero de 2025 \/PRNewswire\/ &#8212; P&amp;R Measurement, un actor clave en la industria de la medici\u00f3n y el control, hace su debut mundial en CES 2025, mostrando soluciones innovadoras en aplicaciones industriales impulsadas por IA y fabricaci\u00f3n flexible. Destacando su visi\u00f3n de marca actualizada, \u00abEmpoderar a todos para ser innovadores\u00bb, la empresa se centra en \u00abaplicaciones industriales mejoradas por IA + soluciones de fabricaci\u00f3n flexibles\u00bb para las necesidades industriales modernas.<\/p>\n<p> En el centro de la exhibici\u00f3n de P&amp;R Measurement se encuentra PRIME, su agente de IA industrial desarrollado por \u00e9l mismo. Dise\u00f1ado para integrar sistemas de prueba y fabricaci\u00f3n con automatizaci\u00f3n avanzada, PRIME simplifica los flujos de trabajo, reduce las barreras t\u00e9cnicas y permite a los usuarios no expertos manejar con confianza tareas de ingenier\u00eda complejas. Esta tecnolog\u00eda transformadora encarna el compromiso de P&amp;R Measurement con la innovaci\u00f3n, proporcionando un mayor valor a los clientes y al mismo tiempo expandiendo las oportunidades de crecimiento.<\/p>\n<p> Fabricaci\u00f3n flexible y soluciones a medida<\/p>\n<p>\nLas innovaciones de fabricaci\u00f3n flexible de P&amp;R Measurement tambi\u00e9n ocupan un lugar central junto con PRIME. La empresa ofrece soluciones personalizadas para pruebas automatizadas y l\u00edneas de montaje, mejorando la precisi\u00f3n, la eficiencia y la confiabilidad en todas las industrias. En colaboraci\u00f3n con un fabricante l\u00edder de electrodom\u00e9sticos, su Smart Lab (una plataforma de laboratorio automatizado impulsada por IA e IoT) optimiz\u00f3 el desarrollo de productos al reducir el consumo de energ\u00eda en un 30 %, disminuir los costes de I+D y aumentar la eficiencia de las pruebas en laboratorios de alta energ\u00eda.<\/p>\n<p> Adem\u00e1s, P&amp;R Measurement presenta su A\u00b2S Lab, una soluci\u00f3n de pruebas sensoriales, y A\u00b2TP, una plataforma de pruebas flexible, que agilizan las pruebas complejas de productos y mejoran la experiencia del usuario.<\/p>\n<p> Colaboraci\u00f3n entre industrias y reconocimiento del mercado<\/p>\n<p>\nAprovechando su experiencia en inteligencia artificial, tecnolog\u00eda de la informaci\u00f3n, fabricaci\u00f3n industrial, medici\u00f3n y pruebas, P&amp;R Measurement crea soluciones de alto valor adaptadas a los sectores de la electr\u00f3nica de consumo, los electrodom\u00e9sticos y la automoci\u00f3n. Su sistema de detecci\u00f3n visual de defectos mejorado con inteligencia artificial ha permitido una tasa de aprobaci\u00f3n superior al 99,8 % para piezas de automoci\u00f3n de gran tama\u00f1o, mientras que su modelo de aprendizaje profundo para un cliente de electr\u00f3nica de consumo automatiz\u00f3 la detecci\u00f3n de anomal\u00edas sonoras, lo que garantiza la precisi\u00f3n y la eficiencia de la producci\u00f3n.<\/p>\n<p> Estas innovaciones han abordado desaf\u00edos cr\u00edticos, como la entrega a tiempo y el control de calidad, lo que ha permitido que P&amp;R Measurement obtenga un amplio reconocimiento y confianza en el mercado.<\/p>\n<p> Visi\u00f3n para el futuro<\/p>\n<p>\nP&amp;R Measurement contin\u00faa transformando la fabricaci\u00f3n inteligente mediante la integraci\u00f3n de IA y tecnolog\u00edas de prueba avanzadas en aplicaciones industriales y cotidianas. Con un enfoque flexible y centrado en el cliente, la empresa sigue comprometida con la evoluci\u00f3n de las demandas del mercado. Despu\u00e9s de CES 2025, P&amp;R Measurement exhibir\u00e1 sus conceptos de vanguardia en Design Con el 28 de enero, lo que reforzar\u00e1 su liderazgo en la configuraci\u00f3n del futuro de los ecosistemas industriales globales.<\/p>\n<p> Para obtener m\u00e1s informaci\u00f3n, visite el sitio web de P&amp;R Measurement en<\/p>\n<p>\nhttps:\/\/prmeasure.com\/<\/p>\n<p>\nS\u00edganos en LinkedIn en:<\/p>\n<p>\nhttps:\/\/www.linkedin.com\/company\/99343696\/admin\/page-posts\/published\/<\/p>\n<p>\nS\u00edganos en X en:<\/p>\n<p>\nhttps:\/\/x.com\/prmeasure<\/p>\n<p>\nS\u00edganos en Facebook en:<\/p>\n<p>\nhttps:\/\/www.facebook.com\/profile.php?id=61568656886685<\/p>\n<p>\nFoto &#8212; https:\/\/mma.prnewswire.com\/media\/2593574\/image.jpg<\/p>\n<p> View original content:https:\/\/www.prnewswire.com\/news-releases\/pr-measurement-debuta-en-ces-2025-redefiniendo-las-aplicaciones-industriales-y-la-fabricacion-flexible-302346583.html<\/p>\n","protected":false},"excerpt":{"rendered":"<p>(Informaci\u00f3n remitida por la empresa firmante) LAS VEGAS, 9 de enero de 2025 \/PRNewswire\/ &#8212; P&amp;R Measurement, un actor clave en la industria de la medici\u00f3n y el control, hace su debut mundial en CES 2025, mostrando soluciones innovadoras en aplicaciones industriales impulsadas por IA y fabricaci\u00f3n flexible. Destacando su visi\u00f3n de marca actualizada, \u00abEmpoderar [&hellip;]<\/p>\n","protected":false},"author":1,"featured_media":0,"comment_status":"closed","ping_status":"closed","sticky":false,"template":"","format":"standard","meta":{"footnotes":""},"categories":[2],"tags":[],"class_list":["post-58357","post","type-post","status-publish","format-standard","hentry","category-noticias"],"_links":{"self":[{"href":"https:\/\/webciudadana.net\/index.php?rest_route=\/wp\/v2\/posts\/58357","targetHints":{"allow":["GET"]}}],"collection":[{"href":"https:\/\/webciudadana.net\/index.php?rest_route=\/wp\/v2\/posts"}],"about":[{"href":"https:\/\/webciudadana.net\/index.php?rest_route=\/wp\/v2\/types\/post"}],"author":[{"embeddable":true,"href":"https:\/\/webciudadana.net\/index.php?rest_route=\/wp\/v2\/users\/1"}],"replies":[{"embeddable":true,"href":"https:\/\/webciudadana.net\/index.php?rest_route=%2Fwp%2Fv2%2Fcomments&post=58357"}],"version-history":[{"count":0,"href":"https:\/\/webciudadana.net\/index.php?rest_route=\/wp\/v2\/posts\/58357\/revisions"}],"wp:attachment":[{"href":"https:\/\/webciudadana.net\/index.php?rest_route=%2Fwp%2Fv2%2Fmedia&parent=58357"}],"wp:term":[{"taxonomy":"category","embeddable":true,"href":"https:\/\/webciudadana.net\/index.php?rest_route=%2Fwp%2Fv2%2Fcategories&post=58357"},{"taxonomy":"post_tag","embeddable":true,"href":"https:\/\/webciudadana.net\/index.php?rest_route=%2Fwp%2Fv2%2Ftags&post=58357"}],"curies":[{"name":"wp","href":"https:\/\/api.w.org\/{rel}","templated":true}]}}