{"id":58364,"date":"2025-01-09T10:06:55","date_gmt":"2025-01-09T09:06:55","guid":{"rendered":"https:\/\/ticker-noticiasep.microcontenidos.com\/NoticiaRSS.vbhtml?user=FRND562DLP&amp;cod=20250109100655"},"modified":"2025-01-09T10:06:55","modified_gmt":"2025-01-09T09:06:55","slug":"maikel-melero-jose-canosa-y-francis-costela-realizaran-en-vallsur-una-exhibicion-de-freestyle-motocross","status":"publish","type":"post","link":"https:\/\/webciudadana.net\/?p=58364","title":{"rendered":"Maikel Melero, Jos\u00e9 Canosa y Francis Costela realizar\u00e1n en Vallsur una exhibici\u00f3n de Freestyle Motocross"},"content":{"rendered":"\n<div><img decoding=\"async\" src=\"https:\/\/img.europapress.es\/fotoweb\/fotonoticia_20250109100655_300.jpg\" class=\"ff-og-image-inserted\"><\/div>\n<p>(Informaci\u00f3n remitida por la empresa firmante)<\/p>\n<p> \u00b7 Los pilotos internacionales se dar\u00e1n cita en Vallsur el s\u00e1bado 11 de enero para demostrar su talento sobre las dos ruedas con un espect\u00e1culo de saltos, acrobacias en el aire y aterrizajes<\/p>\n<p> \u00b7 Adem\u00e1s, hasta el d\u00eda 18 de enero, se podr\u00e1 ver en Vallsur la exposici\u00f3n de motos cl\u00e1sicas con 30 piezas \u00fanicas todas ellas fabricadas en Espa\u00f1a y algunas con m\u00e1s de 70 a\u00f1os de antig\u00fcedad <\/p>\n<p> Valladolid, 9 de enero de 2025.- Coincidiendo con la celebraci\u00f3n de Ping\u00fcinos 2025, los pilotos internacionales Maikel Melero, Jos\u00e9 Canosa \u00abMincha\u00bb y Francis Costela realizar\u00e1n en Vallsur una exhibici\u00f3n de Freestyle Motocross (FMX) el s\u00e1bado 11 de enero a las 18 horas en el parking exterior de Zorrilla.<\/p>\n<p> Los tres pilotos demostrar\u00e1n su talento sobre las dos ruedas con un espect\u00e1culo de saltos, acrobacias en el aire y aterrizajes. Unas trepidantes coreograf\u00edas de giros a una rueda y diferentes trucos con los que hacer disfrutar al p\u00fablico, como invertidos y derrapes, entre otras muchas sorpresas.<\/p>\n<p> Maikel Melero, Jos\u00e9 Canosa \u00abMincha\u00bb y Francis Costela est\u00e1n considerados como los mejores pilotos a nivel internacional en esta disciplina. Han viajado por todo el mundo haciendo gala de los mejores trucos de esta trepidante modalidad del motocross y tienen en su palmar\u00e9s multitud de premios.<\/p>\n<p> Para poder ver la exhibici\u00f3n, como parte de la pol\u00edtica de inclusi\u00f3n de Vallsur, y para hacer accesible todos sus eventos, se habilitar\u00e1 un \u00e1rea reservada para personas con discapacidad, en colaboraci\u00f3n con Impulsa Igualdad Castilla y Le\u00f3n.<\/p>\n<p> Adem\u00e1s, hasta el d\u00eda 18 de enero, se podr\u00e1 visitar tambi\u00e9n en Vallsur una exposici\u00f3n de motos cl\u00e1sicas y antiguas compuesta por 30 motos \u00fanicas, donde se podr\u00e1 admirar el trabajo de restauraci\u00f3n y conservaci\u00f3n de estas grandes joyas, algunas con m\u00e1s de 70 a\u00f1os de antig\u00fcedad. Un recorrido por la historia de las motocicletas y su evoluci\u00f3n, que abarca modelos que fueron ic\u00f3nicos desde los a\u00f1os 50 a los 80 y se han convertido en aut\u00e9nticas reliquias.<\/p>\n<p> Este a\u00f1o la exposici\u00f3n contar\u00e1 exclusivamente con motos fabricadas en Espa\u00f1a, todas ellas cedidas por el Museo de la Moto de Esguevillas de Esgueva y por coleccionistas particulares. Entre las motocicletas que se podr\u00e1n admirar se encuentran modelos como OSSA CARRERA que data de 1959 y Vespas de los a\u00f1os 1953, 1955, 1956 y 1957, que estar\u00e1n acompa\u00f1adas de los tan caracter\u00edsticos sidecars. Tampoco faltar\u00e1n marcas como GUZZI HISPANIA, OSSA, LUBE REM, ISO Moto, o las emblem\u00e1ticas y tan deseadas de la \u00e9poca Montesa Impala o Derbi Rabasa, as\u00ed como la legendaria Bultaco. Tambi\u00e9n se podr\u00e1n encontrar las hist\u00f3ricas SANGLAS, Montesa, OSSA o ROVENA.<\/p>\n<p> Programaci\u00f3n Ping\u00fcinos 2024 en Vallsur<\/p>\n<p> \u00b7 Exhibici\u00f3n Freestyle Motocross (FMX):<\/p>\n<p> &#8211; Fecha: S\u00e1bado, 11 de enero.<\/p>\n<p> &#8211; Horario: 18 horas.<\/p>\n<p> &#8211; Lugar: Parking exterior de Zorrilla.<\/p>\n<p> &#8211; Gratuito.<\/p>\n<p> \u00b7 Exposici\u00f3n de motos cl\u00e1sicas:<\/p>\n<p> &#8211; Fecha: Del 7 al 18 de enero.<\/p>\n<p> &#8211; Horario: De 10 a 22 horas.<\/p>\n<p> &#8211; Lugar: Planta baja frente recepci\u00f3n.<\/p>\n<p> &#8211; Gratuito.<\/p>\n<p> Sobre Vallsur &#8211; www.vallsur.com <\/p>\n<p> Desde su apertura, el centro comercial Vallsur, gestionado por CBRE REAL ESTATE, se ha convertido en un referente en la ciudad de Valladolid. Con una superficie de 35.160 m2, m\u00e1s de 90 tiendas y 2.000 plazas de aparcamiento, el centro pone a disposici\u00f3n de sus clientes una gran oferta de servicios cuyo objetivo es satisfacer todas sus necesidades. Adem\u00e1s, Vallsur tiene una clara pol\u00edtica de compromiso en el medio ambiente, tal y como demuestra su sistema de gesti\u00f3n ambiental de acuerdo a la normativa ISO 14001:2004.<\/p>\n<p> Para m\u00e1s informaci\u00f3n o gesti\u00f3n de entrevistas: <\/p>\n<p> AGENCIA DE COMUNICACI\u00d3N DE VALLSUR: <\/p>\n<p> europa press Comunicaci\u00f3n &#8211; 91 359 26 00 <\/p>\n<p> LETICIA G\u00d3MEZ &#8211; leticiagomez@europapress.es<\/p>\n<p> SILVIA MULLOR &#8211; silviamullor@europapress.es <\/p>\n","protected":false},"excerpt":{"rendered":"<p>(Informaci\u00f3n remitida por la empresa firmante) \u00b7 Los pilotos internacionales se dar\u00e1n cita en Vallsur el s\u00e1bado 11 de enero para demostrar su talento sobre las dos ruedas con un espect\u00e1culo de saltos, acrobacias en el aire y aterrizajes \u00b7 Adem\u00e1s, hasta el d\u00eda 18 de enero, se podr\u00e1 ver en Vallsur la exposici\u00f3n de [&hellip;]<\/p>\n","protected":false},"author":1,"featured_media":0,"comment_status":"closed","ping_status":"closed","sticky":false,"template":"","format":"standard","meta":{"footnotes":""},"categories":[2],"tags":[],"class_list":["post-58364","post","type-post","status-publish","format-standard","hentry","category-noticias"],"_links":{"self":[{"href":"https:\/\/webciudadana.net\/index.php?rest_route=\/wp\/v2\/posts\/58364","targetHints":{"allow":["GET"]}}],"collection":[{"href":"https:\/\/webciudadana.net\/index.php?rest_route=\/wp\/v2\/posts"}],"about":[{"href":"https:\/\/webciudadana.net\/index.php?rest_route=\/wp\/v2\/types\/post"}],"author":[{"embeddable":true,"href":"https:\/\/webciudadana.net\/index.php?rest_route=\/wp\/v2\/users\/1"}],"replies":[{"embeddable":true,"href":"https:\/\/webciudadana.net\/index.php?rest_route=%2Fwp%2Fv2%2Fcomments&post=58364"}],"version-history":[{"count":0,"href":"https:\/\/webciudadana.net\/index.php?rest_route=\/wp\/v2\/posts\/58364\/revisions"}],"wp:attachment":[{"href":"https:\/\/webciudadana.net\/index.php?rest_route=%2Fwp%2Fv2%2Fmedia&parent=58364"}],"wp:term":[{"taxonomy":"category","embeddable":true,"href":"https:\/\/webciudadana.net\/index.php?rest_route=%2Fwp%2Fv2%2Fcategories&post=58364"},{"taxonomy":"post_tag","embeddable":true,"href":"https:\/\/webciudadana.net\/index.php?rest_route=%2Fwp%2Fv2%2Ftags&post=58364"}],"curies":[{"name":"wp","href":"https:\/\/api.w.org\/{rel}","templated":true}]}}