{"id":58413,"date":"2025-01-10T15:35:32","date_gmt":"2025-01-10T14:35:32","guid":{"rendered":"https:\/\/ticker-noticiasep.microcontenidos.com\/NoticiaRSS.vbhtml?user=FRND562DLP&amp;cod=20250110153532"},"modified":"2025-01-10T15:35:32","modified_gmt":"2025-01-10T14:35:32","slug":"sociedad-el-caso-de-exito-de-un-colegio-con-cerca-de-un-0-de-casos-de-acoso-escolar","status":"publish","type":"post","link":"https:\/\/webciudadana.net\/?p=58413","title":{"rendered":"Sociedad: El caso de \u00e9xito de un colegio con cerca de un 0% de casos de acoso escolar"},"content":{"rendered":"\n<div><img decoding=\"async\" src=\"https:\/\/img.europapress.es\/fotoweb\/fotonoticia_20250110153532_300.jpg\" class=\"ff-og-image-inserted\"><\/div>\n<p>(Informaci\u00f3n remitida por la empresa firmante)<\/p>\n<p>\nMadrid, 10 de enero<\/p>\n<p>\nEl colegio Juan Pablo II de Parla se ha consolidado como un referente en la prevenci\u00f3n y gesti\u00f3n de esta problem\u00e1tica<\/p>\n<p>\nEn un contexto donde el acoso escolar afecta al 15% de los estudiantes en Madrid, el colegio Juan Pablo II de Parla se ha consolidado como un referente en la prevenci\u00f3n y gesti\u00f3n de esta problem\u00e1tica. Con un \u00edndice cercano al 0% de casos de bullying, este centro educativo demuestra que es posible crear un entorno seguro y respetuoso para todos los alumnos.<\/p>\n<p> Un modelo de \u00e9xito basado en la acci\u00f3n y la prevenci\u00f3n.<\/p>\n<p> Seg\u00fan el \u00faltimo informe del Defensor del Pueblo, el 50% de los testigos de acoso escolar no intervienen para defender a sus compa\u00f1eros. En el colegio Juan Pablo II de Parla, esta tendencia se combate desde Infantil, ense\u00f1ando a los alumnos que la indiferencia perpet\u00faa el problema. A trav\u00e9s de din\u00e1micas adaptadas, talleres de empat\u00eda y programas de mediaci\u00f3n, los estudiantes aprenden que ayudar a un compa\u00f1ero en apuros es una responsabilidad compartida.<\/p>\n<p> \u00abEducar en valores desde la infancia es la clave para erradicar el acoso escolar. No solo se trata de proteger a las v\u00edctimas, sino de transformar a los acosadores y movilizar a los testigos\u00bb, explica Laura Garc\u00eda, psic\u00f3loga especializada en convivencia escolar.<\/p>\n<p> Protocolos r\u00e1pidos y efectivos<\/p>\n<p>\nEl colegio Juan Pablo II de Parla activa de inmediato protocolos espec\u00edficos ante cualquier indicio de acoso. Estos protocolos no solo protegen a la v\u00edctima, sino que trabajan con el acosador para que comprenda el impacto de sus acciones y cambie su comportamiento.<\/p>\n<p> \u00abNuestro objetivo es evitar que las etiquetas definan a los ni\u00f1os. Ni el presunto acosado es solo una v\u00edctima, ni el presunto acosador es solo un agresor. Ambos necesitan apoyo para crecer y cambiar, y deben ser tratados como personas\u00bb, comenta D. Alfonso Die, director del centro.<\/p>\n<p> Resultados que hablan por s\u00ed solos<\/p>\n<p>\nLos datos respaldan este enfoque: en el \u00faltimo a\u00f1o acad\u00e9mico, el colegio ha solo gestionado menos de diez casos de presunto acoso, resueltos todos ellos con \u00e9xito gracias a la intervenci\u00f3n temprana y al trabajo conjunto de profesores, familias y alumnos.<\/p>\n<p> El colegio Juan Pablo II de Parla es un ejemplo de c\u00f3mo la prevenci\u00f3n y la acci\u00f3n coordinada pueden marcar la diferencia. Su \u00edndice cercano al 0% de casos de acoso es un modelo a seguir para otros centros educativos.<\/p>\n<p> Un compromiso con el presente y el futuro<\/p>\n<p>\nM\u00e1s all\u00e1 de resolver casos, el colegio se compromete a construir una comunidad donde todos se sientan valorados. Su enfoque integral incluye talleres de educaci\u00f3n emocional, actividades de cohesi\u00f3n grupal y una formaci\u00f3n basada en valores cat\u00f3licos que promueven el perd\u00f3n, la reconciliaci\u00f3n y el respeto.<\/p>\n<p> \u00abNuestro objetivo no es solo formar estudiantes, sino personas emp\u00e1ticas, responsables y comprometidas con los dem\u00e1s\u00bb, concluye el director.<\/p>\n<p> Con este enfoque, el colegio Juan Pablo II de Parla demuestra que es posible reducir el acoso escolar a cifras m\u00ednimas, creando un entorno donde el respeto y la convivencia son la norma.<\/p>\n<p> Contacto<\/p>\n<p>\nNombre contacto: -Comunicaci\u00f3n<\/p>\n<p>\nDescripci\u00f3n contacto: Colegio Juan Pablo II Parla<\/p>\n<p>\nTel\u00e9fono de contacto: 911610055<\/p>\n","protected":false},"excerpt":{"rendered":"<p>(Informaci\u00f3n remitida por la empresa firmante) Madrid, 10 de enero El colegio Juan Pablo II de Parla se ha consolidado como un referente en la prevenci\u00f3n y gesti\u00f3n de esta problem\u00e1tica En un contexto donde el acoso escolar afecta al 15% de los estudiantes en Madrid, el colegio Juan Pablo II de Parla se ha [&hellip;]<\/p>\n","protected":false},"author":1,"featured_media":0,"comment_status":"closed","ping_status":"closed","sticky":false,"template":"","format":"standard","meta":{"footnotes":""},"categories":[2],"tags":[],"class_list":["post-58413","post","type-post","status-publish","format-standard","hentry","category-noticias"],"_links":{"self":[{"href":"https:\/\/webciudadana.net\/index.php?rest_route=\/wp\/v2\/posts\/58413","targetHints":{"allow":["GET"]}}],"collection":[{"href":"https:\/\/webciudadana.net\/index.php?rest_route=\/wp\/v2\/posts"}],"about":[{"href":"https:\/\/webciudadana.net\/index.php?rest_route=\/wp\/v2\/types\/post"}],"author":[{"embeddable":true,"href":"https:\/\/webciudadana.net\/index.php?rest_route=\/wp\/v2\/users\/1"}],"replies":[{"embeddable":true,"href":"https:\/\/webciudadana.net\/index.php?rest_route=%2Fwp%2Fv2%2Fcomments&post=58413"}],"version-history":[{"count":0,"href":"https:\/\/webciudadana.net\/index.php?rest_route=\/wp\/v2\/posts\/58413\/revisions"}],"wp:attachment":[{"href":"https:\/\/webciudadana.net\/index.php?rest_route=%2Fwp%2Fv2%2Fmedia&parent=58413"}],"wp:term":[{"taxonomy":"category","embeddable":true,"href":"https:\/\/webciudadana.net\/index.php?rest_route=%2Fwp%2Fv2%2Fcategories&post=58413"},{"taxonomy":"post_tag","embeddable":true,"href":"https:\/\/webciudadana.net\/index.php?rest_route=%2Fwp%2Fv2%2Ftags&post=58413"}],"curies":[{"name":"wp","href":"https:\/\/api.w.org\/{rel}","templated":true}]}}