{"id":58415,"date":"2025-01-10T16:05:31","date_gmt":"2025-01-10T15:05:31","guid":{"rendered":"https:\/\/ticker-noticiasep.microcontenidos.com\/NoticiaRSS.vbhtml?user=FRND562DLP&amp;cod=20250110160531"},"modified":"2025-01-10T16:05:31","modified_gmt":"2025-01-10T15:05:31","slug":"sociedad-valencia-activa-busca-crear-empleo-con-soluciones-innovadoras-frente-a-desafios-economicos-y-climaticos","status":"publish","type":"post","link":"https:\/\/webciudadana.net\/?p=58415","title":{"rendered":"Sociedad: Valencia Activa busca crear empleo con soluciones innovadoras frente a desaf\u00edos econ\u00f3micos y clim\u00e1ticos"},"content":{"rendered":"\n<div><img decoding=\"async\" src=\"https:\/\/img.europapress.es\/fotoweb\/fotonoticia_20250110160531_300.jpg\" class=\"ff-og-image-inserted\"><\/div>\n<p>(Informaci\u00f3n remitida por la empresa firmante)<\/p>\n<p>\nValencia, 10 de enero<\/p>\n<p>\nLa jornada, organizada por el \u00c1rea de Empleo y Formaci\u00f3n del Ayuntamiento de Valencia, tuvo como objetivo inspirar a los asistentes con casos pr\u00e1cticos y estrategias reales que funcionaron en distintos sectores, fomentando un di\u00e1logo enriquecedor sobre c\u00f3mo la innovaci\u00f3n puede convertirse en un motor clave para la generaci\u00f3n de empleo y el emprendimiento en Valencia<\/p>\n<p>\nUna reciente jornada enfocada en el fomento del empleo sectorial reuni\u00f3 a destacados expertos, l\u00edderes y profesionales para reflexionar y actuar sobre las oportunidades laborales en los sectores m\u00e1s representativos de la Comunidad Valenciana. Organizado por el \u00c1rea de Empleo y Formaci\u00f3n del Ayuntamiento de Valencia, este evento estuvo especialmente dirigido a las personas afectadas por desaf\u00edos econ\u00f3micos y clim\u00e1ticos, apostando por la reconstrucci\u00f3n y el desarrollo de un futuro laboral prometedor para la regi\u00f3n.<\/p>\n<p> El encuentro, de acceso gratuito, se destac\u00f3 como un espacio de di\u00e1logo y acci\u00f3n en torno a la innovaci\u00f3n, las estrategias multisectoriales y las propuestas concretas para la creaci\u00f3n de empleo. Con una duraci\u00f3n de cuatro horas, el programa incluy\u00f3 varias sesiones tem\u00e1ticas y mesas redondas que abordaron los retos y oportunidades del empleo desde diversas perspectivas.<\/p>\n<p> Sesiones tem\u00e1ticas: Innovaci\u00f3n, estrategias y propuestas concretas<\/p>\n<p>\n*La jornada inici\u00f3 con la recepci\u00f3n de los asistentes y la inauguraci\u00f3n oficial a cargo del Ilmo. Sr. D. Juan Manuel Badenas, Segundo Teniente de Alcalde y Concejal de Empleo y Formaci\u00f3n del Ayuntamiento de Valencia. Este acto marc\u00f3 el comienzo de un programa cuidadosamente dise\u00f1ado para abordar los desaf\u00edos y oportunidades del empleo en el contexto actual.<\/p>\n<p> La Primera Sesi\u00f3n Multisectorial, titulada \u00abInnovaci\u00f3n en el empleo y experiencias de emprendimiento en el momento actual\u00bb, explor\u00f3 c\u00f3mo la innovaci\u00f3n y el emprendimiento est\u00e1n transformando el panorama laboral en diversos sectores econ\u00f3micos. Expertos como ingenieros, empresarios y responsables de entidades laborales compartieron experiencias y casos pr\u00e1cticos para inspirar a los asistentes y abrir nuevas posibilidades de desarrollo profesional, en un entorno econ\u00f3mico din\u00e1mico y en constante evoluci\u00f3n. Cada ponente aport\u00f3 su experiencia desde perspectivas complementarias.*Participaron en la misma,* D. Julio Jim\u00e9nez, Ingeniero de Caminos, Canales y Puertos; D. Jos\u00e9 Garc\u00eda, responsable de Empleo en la Fundaci\u00f3n Laboral de la Construcci\u00f3n; D. Francisco Mar\u00edn, CEO de Uni\u00f3n de Forros Textiles; y D. Fernando Lucea, CEO de Topise.<\/p>\n<p> Tras una pausa para el caf\u00e9, tuvo lugar la Segunda Sesi\u00f3n Multisectorial, titulada \u00abEstrategias para la creaci\u00f3n de empleo multisectorial tras la DANA\u00bb, que se enfoc\u00f3 en las medidas concretas y colaborativas que podr\u00edan implementarse para revitalizar el empleo en Valencia, especialmente en respuesta a los efectos devastadores de la DANA en diversos sectores econ\u00f3micos.<\/p>\n<p> Esta mesa de trabajo reuni\u00f3 a profesionales de distintas \u00e1reas que aportaron su visi\u00f3n sobre c\u00f3mo enfrentar los desaf\u00edos generados por este fen\u00f3meno clim\u00e1tico extremo, desde perspectivas econ\u00f3micas, tecnol\u00f3gicas, sociales y culturales. Entre los ponentes de esta sesi\u00f3n se encontraron D. Luis Chinchilla, presidente de la Asociaci\u00f3n Profesional de Asesores Fiscales de la Comunidad Valenciana; D. Jos\u00e9 Hoyo, presidente de la Academia Internacional de Ciencias, Tecnolog\u00eda, Educaci\u00f3n y Humanidades; D. Juan Francisco Fuertes, CEO de Disfrazes Jarana; y D. Joaqu\u00edn Rieta, experto en Inteligencia Artificial, entre otros.<\/p>\n<p> Finalmente, la Tercera Sesi\u00f3n Multisectorial \u00abPropuestas, hojas de ruta e instrumentos que puedan ponerse en marcha para la creaci\u00f3n de empleo\u00bb se centr\u00f3 en ofrecer soluciones concretas y accionables para impulsar la generaci\u00f3n de empleo, tanto en sectores tradicionales como emergentes. Para ello, los expertos y empresarios participantes: D. Antonio Ballester, CEO de Vitruvio Consultores; D. Vicente Zan\u00f3n, CEO de Trendy Gate; D\u00f1a. Carlota de Dios, empresaria y m\u00e9dico; y D. Eugenio Mart\u00edn, Presidente de Arquetipo, explicaron estrategias basadas en sus experiencias y conocimientos especializados, con el prop\u00f3sito de delinear planes pr\u00e1cticos y sostenibles que beneficiaran a la regi\u00f3n.<\/p>\n<p> La clausura estuvo a cargo del Ilmo. Sr. D. Juan Manuel Badenas, y la jornada concluy\u00f3 con un almuerzo que foment\u00f3 el networking entre asistentes y ponentes, consolidando as\u00ed las conexiones y alianzas generadas durante el evento.<\/p>\n<p> Este encuentro represent\u00f3 un paso significativo hacia la revitalizaci\u00f3n del empleo y el emprendimiento en Valencia, demostrando el compromiso del Ayuntamiento con la innovaci\u00f3n y la generaci\u00f3n de oportunidades en momentos de adversidad.<\/p>\n<p> Contacto<\/p>\n<p>\nNombre contacto: Mar\u00eda Moreno<\/p>\n<p>\nDescripci\u00f3n contacto: Next Services<\/p>\n<p>\nTel\u00e9fono de contacto: 675812057<\/p>\n","protected":false},"excerpt":{"rendered":"<p>(Informaci\u00f3n remitida por la empresa firmante) Valencia, 10 de enero La jornada, organizada por el \u00c1rea de Empleo y Formaci\u00f3n del Ayuntamiento de Valencia, tuvo como objetivo inspirar a los asistentes con casos pr\u00e1cticos y estrategias reales que funcionaron en distintos sectores, fomentando un di\u00e1logo enriquecedor sobre c\u00f3mo la innovaci\u00f3n puede convertirse en un motor [&hellip;]<\/p>\n","protected":false},"author":1,"featured_media":0,"comment_status":"closed","ping_status":"closed","sticky":false,"template":"","format":"standard","meta":{"footnotes":""},"categories":[2],"tags":[],"class_list":["post-58415","post","type-post","status-publish","format-standard","hentry","category-noticias"],"_links":{"self":[{"href":"https:\/\/webciudadana.net\/index.php?rest_route=\/wp\/v2\/posts\/58415","targetHints":{"allow":["GET"]}}],"collection":[{"href":"https:\/\/webciudadana.net\/index.php?rest_route=\/wp\/v2\/posts"}],"about":[{"href":"https:\/\/webciudadana.net\/index.php?rest_route=\/wp\/v2\/types\/post"}],"author":[{"embeddable":true,"href":"https:\/\/webciudadana.net\/index.php?rest_route=\/wp\/v2\/users\/1"}],"replies":[{"embeddable":true,"href":"https:\/\/webciudadana.net\/index.php?rest_route=%2Fwp%2Fv2%2Fcomments&post=58415"}],"version-history":[{"count":0,"href":"https:\/\/webciudadana.net\/index.php?rest_route=\/wp\/v2\/posts\/58415\/revisions"}],"wp:attachment":[{"href":"https:\/\/webciudadana.net\/index.php?rest_route=%2Fwp%2Fv2%2Fmedia&parent=58415"}],"wp:term":[{"taxonomy":"category","embeddable":true,"href":"https:\/\/webciudadana.net\/index.php?rest_route=%2Fwp%2Fv2%2Fcategories&post=58415"},{"taxonomy":"post_tag","embeddable":true,"href":"https:\/\/webciudadana.net\/index.php?rest_route=%2Fwp%2Fv2%2Ftags&post=58415"}],"curies":[{"name":"wp","href":"https:\/\/api.w.org\/{rel}","templated":true}]}}