{"id":58432,"date":"2025-01-13T15:44:00","date_gmt":"2025-01-13T14:44:00","guid":{"rendered":"https:\/\/ticker-noticiasep.microcontenidos.com\/NoticiaRSS.vbhtml?user=FRND562DLP&amp;cod=20250113154400"},"modified":"2025-01-13T15:44:00","modified_gmt":"2025-01-13T14:44:00","slug":"elalquilador-com-cierra-un-ano-de-exito-con-mas-de-2-000-pedidos-y-lanza-nuevo-proyecto-elgestionador-com","status":"publish","type":"post","link":"https:\/\/webciudadana.net\/?p=58432","title":{"rendered":"elalquilador.com cierra un a\u00f1o de \u00e9xito con m\u00e1s de 2.000 pedidos y lanza nuevo proyecto: elgestionador.com"},"content":{"rendered":"\n<div><img decoding=\"async\" src=\"https:\/\/img.europapress.es\/fotoweb\/fotonoticia_20250113154400_300.jpg\" class=\"ff-og-image-inserted\"><\/div>\n<p>(Informaci\u00f3n remitida por la empresa firmante)<\/p>\n<p>\nelalquilador.com, la innovadora plataforma de alquiler de maquinaria y herramientas, celebra el cierre de un a\u00f1o excepcional marcado por la superaci\u00f3n de los 2.000 pedidos realizados<\/p>\n<p>\nMadrid, 13 de enero de 2025.- Este hito consolida a la empresa como una de las principales referencias en su sector y sirve como trampol\u00edn para su nuevo proyecto: elgestionador.com, un software revolucionario dise\u00f1ado para transformar la gesti\u00f3n empresarial en el mercado del alquiler de productos.<\/p>\n<p> Desde su creaci\u00f3n, elalquilador.com ha revolucionado el acceso a maquinaria y herramientas, facilitando el alquiler de equipos a empresas y particulares de manera \u00e1gil, econ\u00f3mica y sostenible. En 2024, la plataforma no solo ha logrado consolidar su presencia en todo el pa\u00eds, sino que tambi\u00e9n alcanz\u00f3 la marca de m\u00e1s de 2.000 pedidos gestionados, demostrando la creciente confianza de sus clientes y el \u00e9xito de su modelo de negocio.<\/p>\n<p> \u00abEste a\u00f1o ha sido clave para nosotros. Cada pedido gestionado representa un proyecto en el que contribuimos a optimizar recursos y tiempo para nuestros clientes. Estamos orgullosos de cerrar el a\u00f1o con este importante logro y m\u00e1s preparados que nunca para afrontar nuevos retos\u00bb, destac\u00f3 Marina Montiel, portavoz de la compa\u00f1\u00eda.<\/p>\n<p> Impulsados por el \u00e9xito de elalquilador.com y por la necesidad de herramientas digitales eficientes, la empresa lanza ahora elgestionador.com, un software dise\u00f1ado espec\u00edficamente para empresas que gestionan servicios de alquiler. Este innovador sistema tiene como objetivo centralizar, simplificar y automatizar procesos, mejorando la experiencia tanto para proveedores como para clientes.<\/p>\n<p> elgestionador.com destaca por sus caracter\u00edsticas innovadoras que optimizan la gesti\u00f3n empresarial en el sector del alquiler. Ofrece una gesti\u00f3n integral de inventario, permitiendo controlar el estado, la disponibilidad y la ubicaci\u00f3n de los equipos en tiempo real. Adem\u00e1s, cuenta con una optimizaci\u00f3n log\u00edstica que calcula rutas y precios de transporte mediante integraci\u00f3n con Google Maps, facilitando la planificaci\u00f3n. Su facturaci\u00f3n automatizada simplifica los procesos administrativos, reduciendo errores y ahorrando tiempo. Finalmente, su escalabilidad lo hace ideal para empresas de todos los tama\u00f1os, desde peque\u00f1os negocios locales hasta grandes operadores, adapt\u00e1ndose a las necesidades espec\u00edficas de cada cliente.<\/p>\n<p> Con este lanzamiento, elgestionador.com busca convertirse en la herramienta imprescindible para empresas que deseen mejorar su eficiencia operativa en un sector que demanda innovaci\u00f3n constante.<\/p>\n<p> Ambos proyectos, elalquilador.com y elgestionador.com, est\u00e1n alineados con la visi\u00f3n de construir un sector m\u00e1s sostenible y eficiente. El alquiler de maquinaria, promovido por elalquilador.com, fomenta la econom\u00eda circular, reduciendo el consumo excesivo de recursos y las emisiones asociadas a la fabricaci\u00f3n de nuevos equipos. Por su parte, elgestionador.com busca optimizar procesos, reduciendo la huella de carbono asociada al transporte y a la log\u00edstica del sector.<\/p>\n<p> \u00abEstamos emocionados por lo que est\u00e1 por venir. elgestionador.com es una extensi\u00f3n natural de nuestra filosof\u00eda: facilitar, optimizar y transformar la manera en que el sector del alquiler opera. Este lanzamiento marca el inicio de una nueva etapa de crecimiento para nuestra empresa\u00bb, concluy\u00f3 la portavoz.<\/p>\n<p> Con el lanzamiento de elgestionador.com, elalquilador.com no solo reafirma su posici\u00f3n como l\u00edder en el sector del alquiler de maquinaria, sino que tambi\u00e9n demuestra su compromiso con la transformaci\u00f3n digital y la sostenibilidad. Este nuevo proyecto marca un antes y un despu\u00e9s en la gesti\u00f3n empresarial del alquiler, ofreciendo herramientas que no solo optimizan recursos, sino que tambi\u00e9n impulsan el crecimiento de las empresas.<\/p>\n<p> Mientras elalquilador.com celebra un a\u00f1o de hitos, ya mira hacia el 2025 con la ambici\u00f3n de seguir liderando el cambio en un mercado en constante evoluci\u00f3n. Con una base s\u00f3lida, una visi\u00f3n clara y una apuesta decidida por la tecnolog\u00eda, el futuro de elalquilador.com y elgestionador.com promete ser tan emocionante como innovador.<\/p>\n<p> Contacto<\/p>\n<p>\nNombre contacto: Laura Molina<\/p>\n<p>\nDescripci\u00f3n contacto: Redactora elalquilador.com<\/p>\n<p>\nTel\u00e9fono de contacto: 911935181<\/p>\n","protected":false},"excerpt":{"rendered":"<p>(Informaci\u00f3n remitida por la empresa firmante) elalquilador.com, la innovadora plataforma de alquiler de maquinaria y herramientas, celebra el cierre de un a\u00f1o excepcional marcado por la superaci\u00f3n de los 2.000 pedidos realizados Madrid, 13 de enero de 2025.- Este hito consolida a la empresa como una de las principales referencias en su sector y sirve [&hellip;]<\/p>\n","protected":false},"author":1,"featured_media":0,"comment_status":"closed","ping_status":"closed","sticky":false,"template":"","format":"standard","meta":{"footnotes":""},"categories":[2],"tags":[],"class_list":["post-58432","post","type-post","status-publish","format-standard","hentry","category-noticias"],"_links":{"self":[{"href":"https:\/\/webciudadana.net\/index.php?rest_route=\/wp\/v2\/posts\/58432","targetHints":{"allow":["GET"]}}],"collection":[{"href":"https:\/\/webciudadana.net\/index.php?rest_route=\/wp\/v2\/posts"}],"about":[{"href":"https:\/\/webciudadana.net\/index.php?rest_route=\/wp\/v2\/types\/post"}],"author":[{"embeddable":true,"href":"https:\/\/webciudadana.net\/index.php?rest_route=\/wp\/v2\/users\/1"}],"replies":[{"embeddable":true,"href":"https:\/\/webciudadana.net\/index.php?rest_route=%2Fwp%2Fv2%2Fcomments&post=58432"}],"version-history":[{"count":0,"href":"https:\/\/webciudadana.net\/index.php?rest_route=\/wp\/v2\/posts\/58432\/revisions"}],"wp:attachment":[{"href":"https:\/\/webciudadana.net\/index.php?rest_route=%2Fwp%2Fv2%2Fmedia&parent=58432"}],"wp:term":[{"taxonomy":"category","embeddable":true,"href":"https:\/\/webciudadana.net\/index.php?rest_route=%2Fwp%2Fv2%2Fcategories&post=58432"},{"taxonomy":"post_tag","embeddable":true,"href":"https:\/\/webciudadana.net\/index.php?rest_route=%2Fwp%2Fv2%2Ftags&post=58432"}],"curies":[{"name":"wp","href":"https:\/\/api.w.org\/{rel}","templated":true}]}}