{"id":58450,"date":"2025-01-14T11:55:33","date_gmt":"2025-01-14T10:55:33","guid":{"rendered":"https:\/\/ticker-noticiasep.microcontenidos.com\/NoticiaRSS.vbhtml?user=FRND562DLP&amp;cod=20250114115533"},"modified":"2025-01-14T11:55:33","modified_gmt":"2025-01-14T10:55:33","slug":"salud-asanec-pide-mas-plazas-de-efyc-en-el-sas-para-evitar-la-perdida-de-talento-hacia-el-extranjero","status":"publish","type":"post","link":"https:\/\/webciudadana.net\/?p=58450","title":{"rendered":"Salud: Asanec pide m\u00e1s plazas de EFyC en el SAS para evitar la p\u00e9rdida de talento hacia el extranjero"},"content":{"rendered":"\n<div><img decoding=\"async\" src=\"https:\/\/img.europapress.es\/fotoweb\/fotonoticia_20250114115533_300.jpg\" class=\"ff-og-image-inserted\"><\/div>\n<p>(Informaci\u00f3n remitida por la empresa firmante)<\/p>\n<p>\nSEVILLA, 14 (EUROPA PRESS)<\/p>\n<p> La Asociaci\u00f3n Andaluza de Enfermer\u00eda Familiar y Comunitaria (Asanec) ha pedido este martes la implementaci\u00f3n de un mayor n\u00famero de plazas de esta especialidad en el Servicio Andaluz de Salud (SAS) para evitar el \u00e9xodo de enfermeras al extranjero. Un fen\u00f3meno que, en palabras de la asociaci\u00f3n, genera una \u00abp\u00e9rdida de talento enfermero\u00bb y limita el acceso de la poblaci\u00f3n a \u00abuna atenci\u00f3n primaria de calidad que favorezca la promoci\u00f3n de estilos de vida saludable y reduzca la morbimortalidad\u00bb.<\/p>\n<p> A pesar de los avances m\u00e1s recientes, entre los que se incluye la creaci\u00f3n de 411 plazas estructurales para la comunidad aut\u00f3noma, la asociaci\u00f3n explica que en Andaluc\u00eda \u00aba\u00fan no se ha desarrollado de manera adecuada la especialidad a nivel asistencial, y son pocas las enfermeras especialistas en activo\u00bb.<\/p>\n<p> En este sentido, Asanec se\u00f1ala que \u00abAndaluc\u00eda es una de las comunidades que m\u00e1s tard\u00edamente ha implementado esta especialidad y solo de manera incipiente, con pocas plazas para su extensi\u00f3n\u00bb.<\/p>\n<p> Por ello, la asociaci\u00f3n se\u00f1ala la falta de desarrollo y el volumen \u00abinsuficiente\u00bb de plazas como el principal motivo por el que las enfermeras de familia de la regi\u00f3n deciden migrar a regiones \u00abdonde hay una gran demanda de enfermeras y unas mejores condiciones laborales\u00bb. En concreto, Asanec se\u00f1ala pa\u00edses como Reino Unido, Alemania, Pa\u00edses Bajos, Noruega o Suiza, y comunidades aut\u00f3nomas como el Pa\u00eds Vasco o la Comunidad Valenciana\u00bb.<\/p>\n<p> Asimismo, ha destacado que este \u00e9xodo profesional limita \u00abel acceso de la poblaci\u00f3n andaluza a una atenci\u00f3n primaria de calidad con enfoque familiar y comunitario, centrada en la desmedicalizaci\u00f3n y en una cultura de promoci\u00f3n de la salud y prevenci\u00f3n de la enfermedad\u00bb.<\/p>\n<p> Asanec, como sociedad cient\u00edfica, se\u00f1ala que \u00abla ciudadan\u00eda precisa de especialistas con una formaci\u00f3n espec\u00edfica en Salud Familiar y Comunitaria\u00bb. Adem\u00e1s, destaca la labor de estas profesionales en materia de \u00absensibilizaci\u00f3n y educaci\u00f3n de una poblaci\u00f3n sana\u00bb, ya que esta es la disciplina que se ocupa de la prevenci\u00f3n de enfermedades, atenci\u00f3n a pacientes cr\u00f3nicos, educaci\u00f3n sanitaria y coordinaci\u00f3n de la atenci\u00f3n sanitaria a distintos niveles.<\/p>\n<p> Frente a esta situaci\u00f3n, la asociaci\u00f3n reclama el desarrollo de la especialidad en el Servicio Andaluz de Salud y la \u00abadecuaci\u00f3n en las estructuras y plantillas de atenci\u00f3n primaria de estas especialistas\u00bb. Asanec insiste en que \u00abes necesario\u00bb que el desarrollo de la implementaci\u00f3n \u00abno se alargue en el tiempo\u00bb y que \u00ablas ratios se adecuen a la de pa\u00edses de nuestro entorno\u00bb.<\/p>\n<p> Seg\u00fan datos del Ministerio de Sanidad, en Espa\u00f1a, la ratio de enfermeras por cada 1.000 habitantes es de 6,3 frente al 8,5 de la Uni\u00f3n Europea (5,51 en el caso de Andaluc\u00eda, que posee una de las cifras m\u00e1s bajas del pa\u00eds). Para Asanec, estas cifras impiden \u00abla mejora de la accesibilidad al nivel primario de salud y el desarrollo pleno competencial de las enfermeras especialistas de EFyC\u00bb.<\/p>\n<p> En este contexto, la asociaci\u00f3n solicita un aumento de las plazas de enfermer\u00eda familiar y comunitaria para garantizar \u00abla calidad del sistema sanitario andaluz\u00bb y el \u00abretorno de la inversi\u00f3n en formaci\u00f3n de estas enfermeras\u00bb. Tambi\u00e9n, pide implementar \u00abestrategias que potencien la estabilidad laboral con contratos a largo plazo\u00bb para lograr \u00abel reconocimiento adecuado de los profesionales como en otros pa\u00edses comunitarios\u00bb y evitar la \u00absobrecarga de trabajo de las enfermeras especialistas existentes en la atenci\u00f3n primaria\u00bb.<\/p>\n<p> Asanec es la Asociaci\u00f3n Andaluza de Enfermer\u00eda Familiar y Comunitaria formada por enfermeras y enfermeros de toda la geograf\u00eda andaluza que, sin \u00e1nimo de lucro, trabajan por y para el desarrollo de la profesi\u00f3n.<\/p>\n<p> Asanec, como sociedad cient\u00edfica, persigue la mejora de la calidad asistencial en el \u00e1mbito comunitario desde la defensa de la sanidad p\u00fablica, influyendo y dialogando con las Administraciones. Entre sus fines se encuentra brindar formaci\u00f3n e investigaci\u00f3n en la pr\u00e1ctica de la enfermer\u00eda para ofrecer cuidados de calidad a la comunidad, as\u00ed como colaborar con otras sociedades cient\u00edficas y asociaciones para el mejor desarrollo de la profesi\u00f3n.<\/p>\n<p> Contacto de Prensa: <\/p>\n<p>\nLeopoldo Eduardo Alonso Llofriu <\/p>\n<p>\n722 78 40 41 <\/p>\n<p>\nleopoldoalonso@europapress.es<\/p>\n<p>\nVirginia Garc\u00eda<\/p>\n<p>\n679 17 79 45<\/p>\n<p>\nvirginiagarcia@europapress.es<\/p>\n","protected":false},"excerpt":{"rendered":"<p>(Informaci\u00f3n remitida por la empresa firmante) SEVILLA, 14 (EUROPA PRESS) La Asociaci\u00f3n Andaluza de Enfermer\u00eda Familiar y Comunitaria (Asanec) ha pedido este martes la implementaci\u00f3n de un mayor n\u00famero de plazas de esta especialidad en el Servicio Andaluz de Salud (SAS) para evitar el \u00e9xodo de enfermeras al extranjero. Un fen\u00f3meno que, en palabras de [&hellip;]<\/p>\n","protected":false},"author":1,"featured_media":0,"comment_status":"closed","ping_status":"closed","sticky":false,"template":"","format":"standard","meta":{"footnotes":""},"categories":[2],"tags":[],"class_list":["post-58450","post","type-post","status-publish","format-standard","hentry","category-noticias"],"_links":{"self":[{"href":"https:\/\/webciudadana.net\/index.php?rest_route=\/wp\/v2\/posts\/58450","targetHints":{"allow":["GET"]}}],"collection":[{"href":"https:\/\/webciudadana.net\/index.php?rest_route=\/wp\/v2\/posts"}],"about":[{"href":"https:\/\/webciudadana.net\/index.php?rest_route=\/wp\/v2\/types\/post"}],"author":[{"embeddable":true,"href":"https:\/\/webciudadana.net\/index.php?rest_route=\/wp\/v2\/users\/1"}],"replies":[{"embeddable":true,"href":"https:\/\/webciudadana.net\/index.php?rest_route=%2Fwp%2Fv2%2Fcomments&post=58450"}],"version-history":[{"count":0,"href":"https:\/\/webciudadana.net\/index.php?rest_route=\/wp\/v2\/posts\/58450\/revisions"}],"wp:attachment":[{"href":"https:\/\/webciudadana.net\/index.php?rest_route=%2Fwp%2Fv2%2Fmedia&parent=58450"}],"wp:term":[{"taxonomy":"category","embeddable":true,"href":"https:\/\/webciudadana.net\/index.php?rest_route=%2Fwp%2Fv2%2Fcategories&post=58450"},{"taxonomy":"post_tag","embeddable":true,"href":"https:\/\/webciudadana.net\/index.php?rest_route=%2Fwp%2Fv2%2Ftags&post=58450"}],"curies":[{"name":"wp","href":"https:\/\/api.w.org\/{rel}","templated":true}]}}