{"id":58481,"date":"2025-01-15T03:01:37","date_gmt":"2025-01-15T02:01:37","guid":{"rendered":"https:\/\/ticker-noticiasep.microcontenidos.com\/NoticiaRSS.vbhtml?user=FRND562DLP&amp;cod=20250115030137"},"modified":"2025-01-15T03:01:37","modified_gmt":"2025-01-15T02:01:37","slug":"mundo-premio-sunhak-de-la-paz-2025-homenaje-a-los-lideres-mundiales-en-innovacion-para-la-paz","status":"publish","type":"post","link":"https:\/\/webciudadana.net\/?p=58481","title":{"rendered":"Mundo: Premio Sunhak de la Paz 2025: Homenaje a los l\u00edderes mundiales en innovaci\u00f3n para la paz"},"content":{"rendered":"\n<div><img decoding=\"async\" src=\"https:\/\/img.europapress.es\/fotoweb\/fotonoticia_20250115030137_300.jpg\" class=\"ff-og-image-inserted\"><\/div>\n<p>(Informaci\u00f3n remitida por la empresa firmante)<\/p>\n<p>\nSE\u00daL, Corea del Sur, 15 de enero de 2025 \/PRNewswire\/ &#8212; El Comit\u00e9 del Premio Sunhak de la Paz, presidido por Jos\u00e9 Manuel Barroso, antiguo presidente de la Comisi\u00f3n Europea, anuncia con orgullo a los galardonados que ser\u00e1n homenajeados en la ceremonia de entrega del Premio Sunhak de la Paz 2025, que tendr\u00e1 lugar el 11 de abril de 2025: Patrick Awuah Jr. (Ghana), Hugh Evans (Australia) y Wanjira Mathai(Kenia).<\/p>\n<p> Patrick Awuah Jr., fundador y presidente de la Universidad Ashesi de Ghana, ha transformado la ense\u00f1anza superior en \u00c1frica. Sus esfuerzos pioneros han establecido la Universidad de Ashesi como un modelo para cultivar el liderazgo \u00e9tico y la innovaci\u00f3n. Con una tasa de empleo de los licenciados del 90% y un alumnado compuesto en un 50% por mujeres, Awuah ha capacitado a una nueva generaci\u00f3n de l\u00edderes africanos para afrontar los retos m\u00e1s cr\u00edticos del continente.<\/p>\n<p> Hugh Evans, cofundador y consejero delegado de Global Citizen, ha movilizado la friolera de 43.600 millones de d\u00f3lares para combatir la pobreza y promover el desarrollo mundial. Gracias a su labor, m\u00e1s de 1.300 millones de personas en todo el mundo han tenido un impacto positivo, mejorado su acceso a la sanidad, la educaci\u00f3n y otros servicios esenciales. Evans ha redefinido el activismo mundial, tendiendo puentes entre los movimientos de base y los cambios pol\u00edticos sist\u00e9micos para hacer frente a la desigualdad a escala global.<\/p>\n<p> Wanjira Mathai, directora regional para \u00c1frica del Instituto de Recursos Mundiales, es una fuerza l\u00edder en restauraci\u00f3n medioambiental y desarrollo sostenible. Como figura impulsora del Movimiento del Cintur\u00f3n Verde, ha encabezado la plantaci\u00f3n de 51 millones de \u00e1rboles y dirige la Iniciativa AFR100, que pretende restaurar 100 millones de hect\u00e1reas de tierras degradadas en toda \u00c1frica para 2030. El trabajo de Mathai integra la restauraci\u00f3n ecol\u00f3gica con el empoderamiento econ\u00f3mico, la creaci\u00f3n de medios de vida sostenibles y la lucha contra el cambio clim\u00e1tico.<\/p>\n<p> Adem\u00e1s, se entregar\u00e1 el prestigioso Premio del Fundador de la Fundaci\u00f3n del Premio Sunhak de la Paz a S.E. Xanana Gusm\u00e3o, l\u00edder clave en la lucha por la independencia de Timor Oriental. Como primer presidente de la naci\u00f3n y actual primer ministro, Gusm\u00e3o ha defendido la paz y la solidaridad internacional a trav\u00e9s de iniciativas como el g7+, fomentando la colaboraci\u00f3n entre estados fr\u00e1giles para superar retos comunes.<\/p>\n<p> La ceremonia de entrega tendr\u00e1 lugar el 11 de abril de 2025 a las 15.00 horas KST en Se\u00fal (Corea), en un formato h\u00edbrido. Cada galardonado recibir\u00e1 200.000 d\u00f3lares, una medalla y una placa.<\/p>\n<p> Si desea m\u00e1s informaci\u00f3n visite www.sunhakpeaceprize.org.<\/p>\n<p> Foto &#8211; https:\/\/mma.prnewswire.com\/media\/2596191\/1st_photo___Patrick_Awuah__Founder_of_Ashesi_University.jpg<\/p>\n<p>\nFoto &#8212; https:\/\/mma.prnewswire.com\/media\/2596192\/2nd_photo___Hugh_Evans__Founder_of_Global_Citizen.jpg<\/p>\n<p>\nFoto &#8212; https:\/\/mma.prnewswire.com\/media\/2596194\/3th_photo___Xanana_Gusm_o__Prime_Minister_of_Timor_Leste.jpg<\/p>\n<p>\nFoto &#8212; https:\/\/mma.prnewswire.com\/media\/2596193\/4rd_photo___Wanjira_Mathai__Managing_Director__Africa_and_Global_Partnerships__World_Resources_Insti.jpg<\/p>\n<p> View original content:https:\/\/www.prnewswire.com\/news-releases\/premio-sunhak-de-la-paz-2025-homenaje-a-los-lideres-mundiales-en-innovacion-para-la-paz-302351157.html<\/p>\n","protected":false},"excerpt":{"rendered":"<p>(Informaci\u00f3n remitida por la empresa firmante) SE\u00daL, Corea del Sur, 15 de enero de 2025 \/PRNewswire\/ &#8212; El Comit\u00e9 del Premio Sunhak de la Paz, presidido por Jos\u00e9 Manuel Barroso, antiguo presidente de la Comisi\u00f3n Europea, anuncia con orgullo a los galardonados que ser\u00e1n homenajeados en la ceremonia de entrega del Premio Sunhak de la [&hellip;]<\/p>\n","protected":false},"author":1,"featured_media":0,"comment_status":"closed","ping_status":"closed","sticky":false,"template":"","format":"standard","meta":{"footnotes":""},"categories":[2],"tags":[],"class_list":["post-58481","post","type-post","status-publish","format-standard","hentry","category-noticias"],"_links":{"self":[{"href":"https:\/\/webciudadana.net\/index.php?rest_route=\/wp\/v2\/posts\/58481","targetHints":{"allow":["GET"]}}],"collection":[{"href":"https:\/\/webciudadana.net\/index.php?rest_route=\/wp\/v2\/posts"}],"about":[{"href":"https:\/\/webciudadana.net\/index.php?rest_route=\/wp\/v2\/types\/post"}],"author":[{"embeddable":true,"href":"https:\/\/webciudadana.net\/index.php?rest_route=\/wp\/v2\/users\/1"}],"replies":[{"embeddable":true,"href":"https:\/\/webciudadana.net\/index.php?rest_route=%2Fwp%2Fv2%2Fcomments&post=58481"}],"version-history":[{"count":0,"href":"https:\/\/webciudadana.net\/index.php?rest_route=\/wp\/v2\/posts\/58481\/revisions"}],"wp:attachment":[{"href":"https:\/\/webciudadana.net\/index.php?rest_route=%2Fwp%2Fv2%2Fmedia&parent=58481"}],"wp:term":[{"taxonomy":"category","embeddable":true,"href":"https:\/\/webciudadana.net\/index.php?rest_route=%2Fwp%2Fv2%2Fcategories&post=58481"},{"taxonomy":"post_tag","embeddable":true,"href":"https:\/\/webciudadana.net\/index.php?rest_route=%2Fwp%2Fv2%2Ftags&post=58481"}],"curies":[{"name":"wp","href":"https:\/\/api.w.org\/{rel}","templated":true}]}}