{"id":58487,"date":"2025-01-15T11:42:45","date_gmt":"2025-01-15T10:42:45","guid":{"rendered":"https:\/\/ticker-noticiasep.microcontenidos.com\/NoticiaRSS.vbhtml?user=FRND562DLP&amp;cod=20250115114245"},"modified":"2025-01-15T11:42:45","modified_gmt":"2025-01-15T10:42:45","slug":"sociedad-abiertas-las-inscripciones-para-el-xii-congreso-nacional-de-ceoma-que-apostara-por-el-talento-senior","status":"publish","type":"post","link":"https:\/\/webciudadana.net\/?p=58487","title":{"rendered":"Sociedad: Abiertas las inscripciones para el XII Congreso Nacional de CEOMA, que apostar\u00e1 por el talento s\u00e9nior"},"content":{"rendered":"\n<p>(Informaci\u00f3n remitida por la empresa firmante)<\/p>\n<p>\n-El encuentro, que tendr\u00e1 lugar los d\u00edas 24 y 25 de abril en Vigo, reunir\u00e1 a profesionales del sector para debatir propuestas y acciones que contribuyan a un envejecimiento activo de la poblaci\u00f3n.<\/p>\n<p>\n-El objetivo final del congreso es que se acaben impulsando medidas que permitan avanzar al colectivo de las personas mayores.<\/p>\n<p> -En Espa\u00f1a, un 20% de la poblaci\u00f3n tiene m\u00e1s de 65 a\u00f1os y se espera que la esperanza de vida siga aumentando en las pr\u00f3ximas d\u00e9cadas.<\/p>\n<p> Madrid, 15 de enero de 2025.- La Confederaci\u00f3n Espa\u00f1ola de Organizaciones de Mayores (CEOMA), en el marco de su 25 aniversario, ha abierto las inscripciones para su XII Congreso Nacional de Organizaciones de Mayores, bajo el t\u00edtulo &#8217;25 a\u00f1os apostando por el talento s\u00e9nior&#8217; que se celebrar\u00e1 los d\u00edas 24 y 25 de abril en el auditorio \/\/ Afundaci\u00f3n Vigo.<\/p>\n<p> El talento s\u00e9nior, la econom\u00eda plateada, el maltrato a la vejez, el humanismo digital y las pautas para una vida saludable en la tercera edad son algunos de los temas que se abordar\u00e1n en el congreso, donde expertos y profesionales del sector debatir\u00e1n propuestas y acciones que contribuyan a un envejecimiento activo de la poblaci\u00f3n.<\/p>\n<p> El congreso dispone ya de un Consejo Asesor, formado por profesionales del mundo de la tercera edad, la empresa, la medicina, la farmacia, los derechos humanos, la geriatr\u00eda, la investigaci\u00f3n, la pol\u00edtica o la comunicaci\u00f3n. Asimismo, cuenta con un Comit\u00e9 Organizador del Congreso formado por miembros de la Junta Directiva y expertos de CEOMA.<\/p>\n<p> Con este encuentro, CEOMA pretende que las personas mayores puedan expresar su opini\u00f3n y sus necesidades con la finalidad de que se acaben impulsando medidas que permitan avanzar al colectivo. El Congreso est\u00e1 subvencionado por el IMSERSO y cuenta con el apoyo de las entidades EULEN Sociosanitarios y Haleon.<\/p>\n<p> Aumento de la esperanza de vida La entidad ha recordado que actualmente en Espa\u00f1a hay cerca de 10 millones de personas mayores de 65 a\u00f1os, lo que representa un 20% de la poblaci\u00f3n. La esperanza de vida seguir\u00e1 aumentando en las pr\u00f3ximas d\u00e9cadas y los mayores constituyen un importante capital activo para la sociedad.<\/p>\n<p> En el marco del Congreso, CEOMA celebrar\u00e1 tambi\u00e9n la entrega del Premio &#8216;Mayores en Acci\u00f3n 2025&#8217;, un galard\u00f3n que reconoce a hombres y mujeres que siguen trabajando m\u00e1s all\u00e1 de los 65 a\u00f1os prestando servicios en sectores muy diversos.<\/p>\n<p>\nConfederaci\u00f3n Espa\u00f1ola de Organizaciones de Mayores.<\/p>\n<p> CEOMA es una entidad sin \u00e1nimo de lucro creada para la defensa de los derechos de las personas mayores. Representa a 26 organizaciones de mayores de las distintas Comunidades Aut\u00f3nomas, con m\u00e1s de 800.000 socios de base y m\u00e1s de 1.500 Asociaciones.<\/p>\n<p> M\u00e1s informaci\u00f3n: www.ceoma.org.<\/p>\n<p>\nCelia Moreno Garrido.<\/p>\n<p>\nCoordinadora General.<\/p>\n<p>\nResponsable de Comunicaci\u00f3n e Imagen Institucional. celiamoreno@ceoma.org.<\/p>\n<p>\nC\/ Fernando el Cat\u00f3lico, 10 &#8211; Local 7 28015 MADRID.<\/p>\n<p>\nM\u00f3vil: 626 170 705.<\/p>\n<p>\nTel.: 91 557 25 56.<\/p>\n<p>\n\u00c0gata Sala.<\/p>\n<p>\nEuropa Press Comunicaci\u00f3n.<\/p>\n<p>\nagatasala@europapress.es.<\/p>\n<p>\n600 90 55 38.<\/p>\n","protected":false},"excerpt":{"rendered":"<p>(Informaci\u00f3n remitida por la empresa firmante) -El encuentro, que tendr\u00e1 lugar los d\u00edas 24 y 25 de abril en Vigo, reunir\u00e1 a profesionales del sector para debatir propuestas y acciones que contribuyan a un envejecimiento activo de la poblaci\u00f3n. -El objetivo final del congreso es que se acaben impulsando medidas que permitan avanzar al colectivo [&hellip;]<\/p>\n","protected":false},"author":1,"featured_media":0,"comment_status":"closed","ping_status":"closed","sticky":false,"template":"","format":"standard","meta":{"footnotes":""},"categories":[2],"tags":[],"class_list":["post-58487","post","type-post","status-publish","format-standard","hentry","category-noticias"],"_links":{"self":[{"href":"https:\/\/webciudadana.net\/index.php?rest_route=\/wp\/v2\/posts\/58487","targetHints":{"allow":["GET"]}}],"collection":[{"href":"https:\/\/webciudadana.net\/index.php?rest_route=\/wp\/v2\/posts"}],"about":[{"href":"https:\/\/webciudadana.net\/index.php?rest_route=\/wp\/v2\/types\/post"}],"author":[{"embeddable":true,"href":"https:\/\/webciudadana.net\/index.php?rest_route=\/wp\/v2\/users\/1"}],"replies":[{"embeddable":true,"href":"https:\/\/webciudadana.net\/index.php?rest_route=%2Fwp%2Fv2%2Fcomments&post=58487"}],"version-history":[{"count":0,"href":"https:\/\/webciudadana.net\/index.php?rest_route=\/wp\/v2\/posts\/58487\/revisions"}],"wp:attachment":[{"href":"https:\/\/webciudadana.net\/index.php?rest_route=%2Fwp%2Fv2%2Fmedia&parent=58487"}],"wp:term":[{"taxonomy":"category","embeddable":true,"href":"https:\/\/webciudadana.net\/index.php?rest_route=%2Fwp%2Fv2%2Fcategories&post=58487"},{"taxonomy":"post_tag","embeddable":true,"href":"https:\/\/webciudadana.net\/index.php?rest_route=%2Fwp%2Fv2%2Ftags&post=58487"}],"curies":[{"name":"wp","href":"https:\/\/api.w.org\/{rel}","templated":true}]}}