{"id":58513,"date":"2025-01-15T20:36:01","date_gmt":"2025-01-15T19:36:01","guid":{"rendered":"https:\/\/ticker-noticiasep.microcontenidos.com\/NoticiaRSS.vbhtml?user=FRND562DLP&amp;cod=20250115203601"},"modified":"2025-01-15T20:36:01","modified_gmt":"2025-01-15T19:36:01","slug":"mundo-cgtn-america-cctv-un-preludio-a-la-gala-del-festival-de-primavera-regresa-a-la-ciudad-de-nueva-york","status":"publish","type":"post","link":"https:\/\/webciudadana.net\/?p=58513","title":{"rendered":"Mundo: CGTN America &amp; CCTV UN: \u00abPreludio a la Gala del Festival de Primavera\u00bb regresa a la ciudad de Nueva York"},"content":{"rendered":"\n<p>(Informaci\u00f3n remitida por la empresa firmante)<\/p>\n<p>\n&#8211;CGTN America &amp; CCTV UN: \u00abPreludio a la Gala del Festival de Primavera\u00bb organizada por China Media Group regresa a la ciudad de Nueva York<\/p>\n<p>\nWASHINGTON, 15 de enero de 2025 \/PRNewswire\/ &#8212; CGTN America &amp; CCTV UN lanza \u00abPreludio a la Gala del Festival de Primavera\u00bb organizada por China Media Group que regresa a la ciudad de Nueva York<\/p>\n<p>\nA medida que se acerca el A\u00f1o de la Serpiente, el evento \u00abPreludio a la Gala del Festival de Primavera\u00bb llega a la ciudad de Nueva York para celebrar las ricas tradiciones del A\u00f1o Nuevo chino.<\/p>\n<p> El evento de este a\u00f1o se basa en el \u00e9xito y el impulso de su evento inaugural ampliamente reconocido en 2024, llevando la cultura del A\u00f1o Nuevo chino a un p\u00fablico global al tiempo que fomenta el intercambio cultural y el entendimiento mutuo entre diversas comunidades en todo el mundo.<\/p>\n<p> Los distinguidos invitados que representan a China, Estados Unidos y las Naciones Unidas transmitir\u00e1n mensajes emotivos que promueven el intercambio cultural y la unidad global.<\/p>\n<p> Un desfile de moda chino moderno, inspirado en el galardonado videojuego \u00abBlack Myth: Wukong\u00bb, deslumbrar\u00e1 al p\u00fablico. Invitar\u00e1 a las estrellas de la NBA a unirse al espect\u00e1culo, lo que traer\u00e1 una innovadora fusi\u00f3n de deportes y estilo a la pasarela, destacando el dise\u00f1o chino tradicional y contempor\u00e1neo.<\/p>\n<p> Los asistentes disfrutar\u00e1n de una poderosa actuaci\u00f3n en lenguaje de signos a cargo de un ganador del premio \u00abGolden Buzzer\u00bb de America&#8217;s Got Talent junto con diversos artistas. Tambi\u00e9n tendr\u00e1n la oportunidad de participar en un segmento interactivo para aprender frases festivas en lenguaje de signos, promoviendo la inclusi\u00f3n y la comunicaci\u00f3n sin barreras.<\/p>\n<p>\nM\u00fasicos e int\u00e9rpretes chinos e internacionales, incluidos estudiantes de la escuela secundaria Lincoln High School del estado de Washington (Estados Unidos), se reunir\u00e1n para celebrar la fusi\u00f3n de Oriente y Occidente, mostrando la belleza de la diversidad y la armon\u00eda a trav\u00e9s de canciones y bailes.<\/p>\n<p> Antes del espect\u00e1culo, los invitados podr\u00e1n disfrutar de una recepci\u00f3n cultural con exquisitos artefactos chinos y oportunidades de conectarse con profesionales de diversas industrias.<\/p>\n<p> El evento de este a\u00f1o se llevar\u00e1 a cabo el jueves 16 de enero por la noche y atraer\u00e1 a m\u00e1s de 150 invitados distinguidos. Tambi\u00e9n se llevar\u00e1 a cabo en un momento en que la UNESCO ha inscrito recientemente la \u00abFiesta de la Primavera, pr\u00e1cticas sociales del pueblo chino en celebraci\u00f3n del a\u00f1o nuevo tradicional\u00bb en la Lista Representativa del Patrimonio Cultural Inmaterial de la Humanidad.<\/p>\n<p> En la v\u00edspera del A\u00f1o Nuevo chino, asistir a la Gala del Festival de Primavera presentada por China Media Group se ha convertido en una tradici\u00f3n de A\u00f1o Nuevo para personas de todo el mundo. Trae recuerdos alegres a generaciones de espectadores y se ha convertido en un s\u00edmbolo cultural para que el mundo explore y comprenda a China. En celebraci\u00f3n de la designaci\u00f3n de patrimonio de la UNESCO, la gala de este a\u00f1o promete ser una gran fiesta cultural alegre y auspiciosa para el p\u00fablico mundial.<\/p>\n<p>\n(Este material es distribuido por MediaLinks TV, LLC en nombre de CCTV. Hay informaci\u00f3n adicional disponible en el Departamento de Justicia, Washington, D.C.)<\/p>\n<p>\nContacto: Distribution@cgtnamerica.com<\/p>\n<p> View original content:https:\/\/www.prnewswire.com\/news-releases\/cgtn-america&#8211;cctv-un-preludio-a-la-gala-del-festival-de-primavera-regresa-a-la-ciudad-de-nueva-york-302352258.html<\/p>\n","protected":false},"excerpt":{"rendered":"<p>(Informaci\u00f3n remitida por la empresa firmante) &#8211;CGTN America &amp; CCTV UN: \u00abPreludio a la Gala del Festival de Primavera\u00bb organizada por China Media Group regresa a la ciudad de Nueva York WASHINGTON, 15 de enero de 2025 \/PRNewswire\/ &#8212; CGTN America &amp; CCTV UN lanza \u00abPreludio a la Gala del Festival de Primavera\u00bb organizada por [&hellip;]<\/p>\n","protected":false},"author":1,"featured_media":0,"comment_status":"closed","ping_status":"closed","sticky":false,"template":"","format":"standard","meta":{"footnotes":""},"categories":[2],"tags":[],"class_list":["post-58513","post","type-post","status-publish","format-standard","hentry","category-noticias"],"_links":{"self":[{"href":"https:\/\/webciudadana.net\/index.php?rest_route=\/wp\/v2\/posts\/58513","targetHints":{"allow":["GET"]}}],"collection":[{"href":"https:\/\/webciudadana.net\/index.php?rest_route=\/wp\/v2\/posts"}],"about":[{"href":"https:\/\/webciudadana.net\/index.php?rest_route=\/wp\/v2\/types\/post"}],"author":[{"embeddable":true,"href":"https:\/\/webciudadana.net\/index.php?rest_route=\/wp\/v2\/users\/1"}],"replies":[{"embeddable":true,"href":"https:\/\/webciudadana.net\/index.php?rest_route=%2Fwp%2Fv2%2Fcomments&post=58513"}],"version-history":[{"count":0,"href":"https:\/\/webciudadana.net\/index.php?rest_route=\/wp\/v2\/posts\/58513\/revisions"}],"wp:attachment":[{"href":"https:\/\/webciudadana.net\/index.php?rest_route=%2Fwp%2Fv2%2Fmedia&parent=58513"}],"wp:term":[{"taxonomy":"category","embeddable":true,"href":"https:\/\/webciudadana.net\/index.php?rest_route=%2Fwp%2Fv2%2Fcategories&post=58513"},{"taxonomy":"post_tag","embeddable":true,"href":"https:\/\/webciudadana.net\/index.php?rest_route=%2Fwp%2Fv2%2Ftags&post=58513"}],"curies":[{"name":"wp","href":"https:\/\/api.w.org\/{rel}","templated":true}]}}