{"id":58515,"date":"2025-01-16T09:10:08","date_gmt":"2025-01-16T08:10:08","guid":{"rendered":"https:\/\/ticker-noticiasep.microcontenidos.com\/NoticiaRSS.vbhtml?user=FRND562DLP&amp;cod=20250116091008"},"modified":"2025-01-16T09:10:08","modified_gmt":"2025-01-16T08:10:08","slug":"miguel-perez-jaime-y-carmen-gonzalez-asumen-nuevas-responsabilidades-directivas-en-allianz","status":"publish","type":"post","link":"https:\/\/webciudadana.net\/?p=58515","title":{"rendered":"Miguel P\u00e9rez Jaime y Carmen Gonz\u00e1lez asumen nuevas responsabilidades directivas en Allianz"},"content":{"rendered":"\n<div><img decoding=\"async\" src=\"https:\/\/img.europapress.es\/fotoweb\/fotonoticia_20250116091008_300.jpg\" class=\"ff-og-image-inserted\"><\/div>\n<p>(Informaci\u00f3n remitida por la empresa firmante)<\/p>\n<p>\nMiguel P\u00e9rez Jaime es nombrado Key Account Manager de Allianz para BBVA, para seguir fortaleciendo la relaci\u00f3n con el banco. Carmen Gonz\u00e1lez suceder\u00e1 a Miguel como Directora General Comercial de Allianz Seguros, y tambi\u00e9n formar\u00e1 parte del Comit\u00e9 de Direcci\u00f3n<\/p>\n<p>\nMadrid, 16 de enero de 2025.- Allianz Seguros sigue fortaleciendo su estructura directiva con la ambici\u00f3n de ser la compa\u00f1\u00eda de referencia en todos los canales. Con este objetivo, Miguel P\u00e9rez Jaime, hasta ahora Director General Comercial, ha sido nombrado Key Account Manager de la compa\u00f1\u00eda para BBVA, para seguir fortaleciendo la relaci\u00f3n de bancaseguros con la entidad bancaria. Adem\u00e1s, Carmen Gonz\u00e1lez, hasta ahora Directora Comercial de la zona Norte, suceder\u00e1 a Miguel y como Directora General Comercial. Tambi\u00e9n formar\u00e1 parte del Comit\u00e9 de Direcci\u00f3n de la compa\u00f1\u00eda. Ambos cambios ser\u00e1n efectivos a partir del 1 de marzo.<\/p>\n<p> \u00abMiguel ha hecho un trabajo fant\u00e1stico en el \u00e1rea comercial, lanzando y consolidando el Nuevo Modelo Comercial de la compa\u00f1\u00eda, que nos ha dado excelentes resultados\u00bb, dice Veit Stutz, Consejero Delegado de Allianz. \u00abSus \u00e9xitos, su experiencia de negocio y comercial, en diferentes canales y pa\u00edses, le hacen ser la persona adecuada para seguir fortaleciendo nuestra relaci\u00f3n con el BBVA. Creo que con BBVA Allianz tenemos la mejor alianza de bancaseguros del mercado y que, con Miguel en este nuevo rol, seguiremos marcando la diferencia\u00bb.<\/p>\n<p> Miguel P\u00e9rez Jaime (Madrid, 1968) tiene una s\u00f3lida experiencia en bancaseguros y conoce en profundidad BBVA Allianz, ya que fue el CEO de la joint venture, desde su creaci\u00f3n en 2020 hasta 2023, cuando Teresa Archaga le tom\u00f3 el relevo.<\/p>\n<p> El nuevo Key Account Manager (KAM)6 para BBVA ha desarrollado sus m\u00e1s de 30 a\u00f1os de carrera profesional en distintas entidades del sector financiero y de consultor\u00eda. Se incorpor\u00f3 a Allianz en el a\u00f1o 2000.<\/p>\n<p> Hasta 2013 fue Director General de Allianz Seguros y CEO de Allianz Popular. A continuaci\u00f3n, lider\u00f3 durante 4 a\u00f1os Allianz Brasil, como CEO. En 2018 volvi\u00f3 a Espa\u00f1a como Director General de Vida, Salud, Bancaseguros y de los Proyectos de Desarrollo de la Regi\u00f3n IberoLatam. De 2020 a 2023 fue Director General de Bancaseguros y CEO de BBVA Allianz. En su \u00faltima etapa, antes de ser nombrado KAM para BBVA, ha liderado con \u00e9xito la Direcci\u00f3n General Comercial de Allianz Seguros.<\/p>\n<p> Por otro lado, Allianz Seguros ha nombrado a Carmen Gonz\u00e1lez como nueva Directora General Comercial para suceder a Miguel en el \u00c1rea Comercial.<\/p>\n<p> \u00abMe enorgullece apostar por el talento interno para cubrir una posici\u00f3n tan estrat\u00e9gica como es el liderazgo del \u00e1rea comercial\u00bb, explica Veit Stutz. \u00abCarmen, con una exitosa trayectoria en nuestra compa\u00f1\u00eda, cuenta con el conocimiento, la experiencia y el liderazgo necesarios para impulsar nuestro crecimiento. Los brillantes resultados en la Direcci\u00f3n Comercial Norte son un claro indicativo de su potencial, y estoy convencido de que este \u00e9xito se extender\u00e1 a nivel nacional\u00bb.<\/p>\n<p> Carmen Gonz\u00e1lez Gonz\u00e1lez*(Madrid, 1980) se incorpor\u00f3 a Allianz en el a\u00f1o 2004, donde ha desempe\u00f1ado distintas funciones t\u00e9cnicas y como responsable de equipos comerciales. En 2019 fue nombrada Directora de la Delegaci\u00f3n de Bilbao. Un a\u00f1o m\u00e1s tarde asumi\u00f3 el liderazgo de la Direcci\u00f3n Comercial de la zona Norte, posici\u00f3n que ha ostentado con \u00e9xito hasta su nombramiento como Directora General Comercial de Allianz Seguros.<\/p>\n<p> El Comit\u00e9 de Direcci\u00f3n a partir del 1 de marzo queda formado por el siguiente equipo:<\/p>\n<p>\n\u00b7**Veit Stutz, Consejero Delegado (CEO)<\/p>\n<p>\n\u00b7**Matthias Rubin-Schwarz, Finanzas (Chief Financial Officer, CFO)<\/p>\n<p>\n\u00b7**Ricard Ribas, Operaciones (Chief Operating Officer, COO)<\/p>\n<p>\n\u00b7**Carmen Gonz\u00e1lez, Comercial (Chief Sales Officer, CSO)<\/p>\n<p>\n\u00b7**Victoria Medina, Tecnolog\u00eda &amp; Datos (Chief Technology &amp; Data Officer, CTDO)<\/p>\n<p>\n\u00b7**Montse \u00c1lvarez, Transformaci\u00f3n (Chief Transformation Officer, CTO)<\/p>\n<p>\n\u00b7**Jos\u00e9 Mar\u00eda Mat\u00e9, Autom\u00f3viles, Particulares &amp; Direcci\u00f3n T\u00e9cnica P&amp;C (CUO Retail)<\/p>\n<p>\n\u00b7**Agust\u00edn de la Cuerda, Empresas &amp; Reaseguro (CUO Commercial)<\/p>\n<p>\n\u00b7**Celso Fern\u00e1ndez, Vida, Salud &amp; Gesti\u00f3n de Activos (CUO Life &amp; Health)<\/p>\n<p>\n\u00b7**Miguel P\u00e9rez Jaime, Key Account Manager para BBVA<\/p>\n<p>\nSobre Allianz Seguros<\/p>\n<p>\nAllianz Seguros es la principal filial del Grupo Allianz en Espa\u00f1a y una de las compa\u00f1\u00edas l\u00edderes del sector asegurador espa\u00f1ol. Para ofrecer los mejores resultados para los clientes, la compa\u00f1\u00eda apuesta por la cercan\u00eda f\u00edsica (a trav\u00e9s de sus Sucursales y Delegaciones con m\u00e1s de 2.000 empleados y su red de m\u00e1s de 10.000 mediadores), y tecnol\u00f3gica (mediante herramientas como su aplicaci\u00f3n para smartphones y tabletas, su \u00e1rea de eCliente de la web corporativa, y sus m\u00e1s de 500.000 SMS enviados anualmente a sus clientes).<\/p>\n<p> Cuenta con una de las gamas de productos m\u00e1s completa e innovadora del mercado y se basa en el concepto de seguridad integral. Por eso, los productos y servicios que ofrece la compa\u00f1\u00eda van desde el \u00e1mbito personal y familiar al empresarial, ofreciendo desde seguros de Vida, Autos, Hogar, Accidentes, o Salud, pasando por Multirriesgos para empresas y comercios, hasta las soluciones aseguradoras personalizadas m\u00e1s complejas.<\/p>\n<p> Contacto<\/p>\n<p>\nNombre contacto: Sonia Rodr\u00edguez<\/p>\n<p>\nDescripci\u00f3n contacto: Allianz<\/p>\n<p>\nTel\u00e9fono de contacto: 638930008<\/p>\n","protected":false},"excerpt":{"rendered":"<p>(Informaci\u00f3n remitida por la empresa firmante) Miguel P\u00e9rez Jaime es nombrado Key Account Manager de Allianz para BBVA, para seguir fortaleciendo la relaci\u00f3n con el banco. Carmen Gonz\u00e1lez suceder\u00e1 a Miguel como Directora General Comercial de Allianz Seguros, y tambi\u00e9n formar\u00e1 parte del Comit\u00e9 de Direcci\u00f3n Madrid, 16 de enero de 2025.- Allianz Seguros sigue [&hellip;]<\/p>\n","protected":false},"author":1,"featured_media":0,"comment_status":"closed","ping_status":"closed","sticky":false,"template":"","format":"standard","meta":{"footnotes":""},"categories":[2],"tags":[],"class_list":["post-58515","post","type-post","status-publish","format-standard","hentry","category-noticias"],"_links":{"self":[{"href":"https:\/\/webciudadana.net\/index.php?rest_route=\/wp\/v2\/posts\/58515","targetHints":{"allow":["GET"]}}],"collection":[{"href":"https:\/\/webciudadana.net\/index.php?rest_route=\/wp\/v2\/posts"}],"about":[{"href":"https:\/\/webciudadana.net\/index.php?rest_route=\/wp\/v2\/types\/post"}],"author":[{"embeddable":true,"href":"https:\/\/webciudadana.net\/index.php?rest_route=\/wp\/v2\/users\/1"}],"replies":[{"embeddable":true,"href":"https:\/\/webciudadana.net\/index.php?rest_route=%2Fwp%2Fv2%2Fcomments&post=58515"}],"version-history":[{"count":0,"href":"https:\/\/webciudadana.net\/index.php?rest_route=\/wp\/v2\/posts\/58515\/revisions"}],"wp:attachment":[{"href":"https:\/\/webciudadana.net\/index.php?rest_route=%2Fwp%2Fv2%2Fmedia&parent=58515"}],"wp:term":[{"taxonomy":"category","embeddable":true,"href":"https:\/\/webciudadana.net\/index.php?rest_route=%2Fwp%2Fv2%2Fcategories&post=58515"},{"taxonomy":"post_tag","embeddable":true,"href":"https:\/\/webciudadana.net\/index.php?rest_route=%2Fwp%2Fv2%2Ftags&post=58515"}],"curies":[{"name":"wp","href":"https:\/\/api.w.org\/{rel}","templated":true}]}}