{"id":58519,"date":"2025-01-16T09:25:07","date_gmt":"2025-01-16T08:25:07","guid":{"rendered":"https:\/\/ticker-noticiasep.microcontenidos.com\/NoticiaRSS.vbhtml?user=FRND562DLP&amp;cod=20250116092507"},"modified":"2025-01-16T09:25:07","modified_gmt":"2025-01-16T08:25:07","slug":"sociedad-alemania-lanza-un-programa-exclusivo-para-fisioterapeutas-espanoles","status":"publish","type":"post","link":"https:\/\/webciudadana.net\/?p=58519","title":{"rendered":"Sociedad: Alemania lanza un programa exclusivo para fisioterapeutas espa\u00f1oles"},"content":{"rendered":"\n<div><img decoding=\"async\" src=\"https:\/\/img.europapress.es\/fotoweb\/fotonoticia_20250116092507_300.jpg\" class=\"ff-og-image-inserted\"><\/div>\n<p>(Informaci\u00f3n remitida por la empresa firmante)<\/p>\n<p>\nUn innovador proyecto de empleo y formaci\u00f3n busca a fisioterapeutas espa\u00f1oles interesados en impulsar su carrera en Alemania. Con contratos laborales indefinidos, salarios atractivos y formaci\u00f3n gratuita en alem\u00e1n, esta iniciativa de TTA Personal pretende cubrir 12 posiciones en cl\u00ednicas modernas y especializadas de varias regiones alemanas. El programa est\u00e1 dise\u00f1ado para apoyar tanto la adaptaci\u00f3n profesional como la integraci\u00f3n cultural de los participantes<\/p>\n<p>\nMadrid, 16 de enero de 2025.- Una destacada iniciativa de empleo y formaci\u00f3n profesional abre sus puertas a fisioterapeutas titulados espa\u00f1oles y europeos interesados en desarrollar su carrera en Alemania. Este programa, gestionado por la agencia TTA Personal, ofrece 12 plazas exclusivas en colaboraci\u00f3n con cl\u00ednicas de regiones como Berl\u00edn, Baviera, Sajonia, Baden-W\u00fcrttemberg y Renania del Norte-Westfalia, entre otras.<\/p>\n<p> Los seleccionados recibir\u00e1n un curso de alem\u00e1n gratuito previo al traslado, asegurando su preparaci\u00f3n ling\u00fc\u00edstica para integrarse exitosamente tanto en el entorno laboral como cultural. Adem\u00e1s, el programa garantiza contratos laborales indefinidos, con salarios iniciales que oscilan entre 3.000\u20ac y 3.500\u20ac brutos mensuales, cifra que puede superar los 3.500\u20ac para quienes alcancen un nivel B2 de alem\u00e1n.<\/p>\n<p> Condiciones laborales atractivas<\/p>\n<p>\nLos fisioterapeutas seleccionados trabajar\u00e1n en modernas cl\u00ednicas equipadas con tecnolog\u00eda avanzada, amplias salas de tratamiento y gimnasios propios. Las cl\u00ednicas colaboradoras suelen ser interdisciplinares, ofreciendo especializaciones en \u00e1reas como traumatolog\u00eda, fisioterapia deportiva, pediatr\u00eda, suelo p\u00e9lvico y neurolog\u00eda, entre otras.<\/p>\n<p> El programa tambi\u00e9n incluye:<\/p>\n<p>\n\u00b7**Formaci\u00f3n continua gratuita y promoci\u00f3n del desarrollo profesional.<\/p>\n<p>\n\u00b7**Ayuda con el alojamiento inicial en Alemania.<\/p>\n<p>\n\u00b7**Subvenciones a trav\u00e9s de EURES:<\/p>\n<p>\n\u00b7**1.240\u20ac para la mudanza.<\/p>\n<p>\n\u00b7**Hasta 2.500\u20ac para cursos adicionales de alem\u00e1n.<\/p>\n<p> Requisitos para participar<\/p>\n<p>\nLos interesados deben contar con un grado en fisioterapia y nacionalidad espa\u00f1ola o de la UE. Aunque la experiencia no es indispensable, se valora la motivaci\u00f3n para aprender y crecer profesionalmente. Se requiere disponibilidad para realizar el curso de alem\u00e1n online, que comenzar\u00e1 el pr\u00f3ximo 18 de febrero de 2025, con horarios flexibles (ma\u00f1ana o tarde). La incorporaci\u00f3n laboral est\u00e1 prevista para junio de 2025.<\/p>\n<p> Una oportunidad para j\u00f3venes fisioterapeutas<\/p>\n<p> \u00abEste proyecto es ideal para fisioterapeutas j\u00f3venes que buscan estabilidad laboral y desean avanzar en un entorno profesional moderno, din\u00e1mico y altamente valorado. Ofrecemos una experiencia de integraci\u00f3n cultural y laboral \u00fanica\u00bb, afirm\u00f3 un portavoz de TTA Personal.<\/p>\n<p> C\u00f3mo participar<\/p>\n<p>\nLos interesados pueden obtener m\u00e1s informaci\u00f3n y registrarse a trav\u00e9s de la p\u00e1gina web de TTA Personal.*\u00bbNo dejes pasar esta oportunidad de dar un gran salto en tu carrera profesional\u00bb:<\/p>\n<p>\nContacto<\/p>\n<p>\nNombre contacto: Departamento prensa<\/p>\n<p>\nDescripci\u00f3n contacto: TTA Personal \/ Departamento prensa<\/p>\n<p>\nTel\u00e9fono de contacto: +49 30 12076196<\/p>\n","protected":false},"excerpt":{"rendered":"<p>(Informaci\u00f3n remitida por la empresa firmante) Un innovador proyecto de empleo y formaci\u00f3n busca a fisioterapeutas espa\u00f1oles interesados en impulsar su carrera en Alemania. Con contratos laborales indefinidos, salarios atractivos y formaci\u00f3n gratuita en alem\u00e1n, esta iniciativa de TTA Personal pretende cubrir 12 posiciones en cl\u00ednicas modernas y especializadas de varias regiones alemanas. El programa [&hellip;]<\/p>\n","protected":false},"author":1,"featured_media":0,"comment_status":"closed","ping_status":"closed","sticky":false,"template":"","format":"standard","meta":{"footnotes":""},"categories":[2],"tags":[],"class_list":["post-58519","post","type-post","status-publish","format-standard","hentry","category-noticias"],"_links":{"self":[{"href":"https:\/\/webciudadana.net\/index.php?rest_route=\/wp\/v2\/posts\/58519","targetHints":{"allow":["GET"]}}],"collection":[{"href":"https:\/\/webciudadana.net\/index.php?rest_route=\/wp\/v2\/posts"}],"about":[{"href":"https:\/\/webciudadana.net\/index.php?rest_route=\/wp\/v2\/types\/post"}],"author":[{"embeddable":true,"href":"https:\/\/webciudadana.net\/index.php?rest_route=\/wp\/v2\/users\/1"}],"replies":[{"embeddable":true,"href":"https:\/\/webciudadana.net\/index.php?rest_route=%2Fwp%2Fv2%2Fcomments&post=58519"}],"version-history":[{"count":0,"href":"https:\/\/webciudadana.net\/index.php?rest_route=\/wp\/v2\/posts\/58519\/revisions"}],"wp:attachment":[{"href":"https:\/\/webciudadana.net\/index.php?rest_route=%2Fwp%2Fv2%2Fmedia&parent=58519"}],"wp:term":[{"taxonomy":"category","embeddable":true,"href":"https:\/\/webciudadana.net\/index.php?rest_route=%2Fwp%2Fv2%2Fcategories&post=58519"},{"taxonomy":"post_tag","embeddable":true,"href":"https:\/\/webciudadana.net\/index.php?rest_route=%2Fwp%2Fv2%2Ftags&post=58519"}],"curies":[{"name":"wp","href":"https:\/\/api.w.org\/{rel}","templated":true}]}}