{"id":58549,"date":"2025-01-16T16:24:05","date_gmt":"2025-01-16T15:24:05","guid":{"rendered":"https:\/\/ticker-noticiasep.microcontenidos.com\/NoticiaRSS.vbhtml?user=FRND562DLP&amp;cod=20250116162405"},"modified":"2025-01-16T16:24:05","modified_gmt":"2025-01-16T15:24:05","slug":"mundo-nueva-inversion-minera-metalurgica-e-industrial-a-gran-escala-de-metlen-por-valor-de-2955-millones-de-euros","status":"publish","type":"post","link":"https:\/\/webciudadana.net\/?p=58549","title":{"rendered":"Mundo: Nueva inversi\u00f3n minera, metal\u00fargica e industrial a gran escala de METLEN por valor de 295,5 millones de euros"},"content":{"rendered":"\n<div><img decoding=\"async\" src=\"https:\/\/img.europapress.es\/fotoweb\/fotonoticia_20250116162405_300.jpg\" class=\"ff-og-image-inserted\"><\/div>\n<p>(Informaci\u00f3n remitida por la empresa firmante)<\/p>\n<p>\nDesarrollo de una l\u00ednea de producci\u00f3n integrada de bauxita, al\u00famina y galio<\/p>\n<p>\nPlan de inversi\u00f3n de 295,5 millones de euros<\/p>\n<p>\nCapacidad total de producci\u00f3n anual de 1.265.000 toneladas de al\u00famina, 50 millones de toneladas de galio y unos 2 millones de toneladas de bauxita<\/p>\n<p>\nSustituci\u00f3n total de las importaciones de galio en Europa<\/p>\n<p>\nMejora de la balanza comercial de Grecia mediante el aumento de las exportaciones<\/p>\n<p>\nATENAS, Grecia, 16 de enero de 2025 \/PRNewswire\/ &#8212; METLENEnergy &amp; Metals (METLEN) anuncia que el Comit\u00e9 de Metalurgia, en una sesi\u00f3n conjunta con el Comit\u00e9 de Asignaci\u00f3n de Capital, tom\u00f3 la Decisi\u00f3n Final de Inversi\u00f3n (FID) hoy, 16 de enero de 2025, para proceder con la puesta en marcha de una nueva inversi\u00f3n a gran escala en la producci\u00f3n de bauxita, al\u00famina y galio.<\/p>\n<p> Este proyecto emblem\u00e1tico, que se llevar\u00e1 a cabo en Agios Nikolaos, Viotia, dentro de la hist\u00f3rica planta \u00abAluminium of Greece\u00bb, representa un hito en la historia del sector metal\u00fargico. Mejorar\u00e1 significativamente la capacidad de producci\u00f3n al tiempo que incorporar\u00e1 por primera vez galio a la producci\u00f3n industrial, un material cr\u00edtico para el futuro de Europa.<\/p>\n<p> El plan de inversi\u00f3n de 295,5 millones de euros tiene como objetivo alcanzar una capacidad de producci\u00f3n total de 2 millones de toneladas de bauxita (anuales), 1.265.000 toneladas de al\u00famina (frente a las 865.000 toneladas actuales) y 50 MT de galio por primera vez. Los tres materiales est\u00e1n incluidos en la lista de materias primas cr\u00edticas (CRM) de la Uni\u00f3n Europea. El gasto de capital total (Capex) incluye las siguientes inversiones:<\/p>\n<p>\nDesarrollo de investigaci\u00f3n y nuevos yacimientos de bauxita,<\/p>\n<p>\nConstrucci\u00f3n de nuevas instalaciones y adquisici\u00f3n de equipos mec\u00e1nicos para la producci\u00f3n de galio,<\/p>\n<p>\nNuevas instalaciones y equipos para la expansi\u00f3n y modernizaci\u00f3n de la capacidad de producci\u00f3n de al\u00famina,<\/p>\n<p>\nInfraestructura de suministro de energ\u00eda para la unidad industrial,<\/p>\n<p>\nAmpliaci\u00f3n y modernizaci\u00f3n del puerto,<\/p>\n<p>\nOtros proyectos de infraestructura vial y protecci\u00f3n contra inundaciones<\/p>\n<p>\nEvangelos Mytilineos, presidente y consejero delegado de METLEN, coment\u00f3: \u00abLa decisi\u00f3n de METLEN de llevar a cabo una nueva inversi\u00f3n industrial hist\u00f3rica en la producci\u00f3n de bauxita, al\u00famina y galio refuerza la autosuficiencia de Europa en materias primas cr\u00edticas y refuerza la posici\u00f3n estrat\u00e9gica de Grecia en el panorama mundial. Adem\u00e1s, protege a la industria europea de las dependencias externas. Estamos demostrando nuestro compromiso con la innovaci\u00f3n, el desarrollo sostenible y la econom\u00eda circular, al tiempo que reafirmamos el papel de METLEN como l\u00edder en la transici\u00f3n hacia una producci\u00f3n industrial m\u00e1s ecol\u00f3gica y resiliente.\u00bb<\/p>\n<p>\nEn el caso concreto del galio, cabe se\u00f1alar que se trata de un subproducto de determinadas calidades de bauxita (incluida la bauxita griega) durante el proceso de refinado en al\u00famina, y su producci\u00f3n se concentra casi en su totalidad en China. Sin embargo, la decisi\u00f3n de China de imponer restricciones a la exportaci\u00f3n de galio (julio de 2023) puso de relieve la vulnerabilidad de Occidente y la necesidad de diversificar las fuentes de suministro.<\/p>\n<p> La inversi\u00f3n de METLEN permite a Europa sustituir por completo las importaciones de galio, lo que refuerza significativamente su autonom\u00eda estrat\u00e9gica y minimiza la dependencia de proveedores externos. Esta autonom\u00eda es crucial para reducir la dependencia de terceros pa\u00edses y garantizar la producci\u00f3n de tecnolog\u00edas cr\u00edticas en diversos sectores, desde la transici\u00f3n energ\u00e9tica hasta la defensa. Por ejemplo, el galio es esencial para:<\/p>\n<p>\na) circuitos integrados (CI) utilizados en inform\u00e1tica y telecomunicaciones,<\/p>\n<p>\nb) diodos emisores de luz (LED) e<\/p>\n<p>\nc) imanes permanentes, etc.<\/p>\n<p> La producci\u00f3n de estos tres materiales cr\u00edticos, valorada en aproximadamente 1.000 millones de euros, se exportar\u00e1 a los mercados de Europa y Norteam\u00e9rica.<\/p>\n<p> Esta inversi\u00f3n de \u00faltima generaci\u00f3n tambi\u00e9n introducir\u00e1 nuevas tecnolog\u00edas respetuosas con el medio ambiente, reduciendo la huella de carbono de la instalaci\u00f3n. Adem\u00e1s, a trav\u00e9s de sinergias cr\u00edticas con el sector energ\u00e9tico de METLEN, los costes energ\u00e9ticos ser\u00e1n completamente sostenibles.<\/p>\n<p> METLEN ha presentado el proyecto de inversi\u00f3n en virtud de la Ley de Inversiones Estrat\u00e9gicas de Grecia. La inversi\u00f3n tambi\u00e9n cumple los criterios del \u00abMarco Temporal de Crisis y Transici\u00f3n\u00bb (TCTF), destinado a apoyar la econom\u00eda tras la invasi\u00f3n rusa de Ucrania.<\/p>\n<p> Adem\u00e1s, el proyecto recibi\u00f3 recientemente el sello STEP de la Comisi\u00f3n Europea (el llamado \u00abSello de Soberan\u00eda\u00bb), que reconoce su importante contribuci\u00f3n a la autosuficiencia de la UE en materias primas cr\u00edticas (CRM).<\/p>\n<p> METLEN se compromete a mantener informados a los inversores sobre el progreso del proyecto. La finalizaci\u00f3n de las obras y el inicio de la producci\u00f3n est\u00e1 previsto para 2026 en el caso de la bauxita, mientras que la producci\u00f3n de al\u00famina y galio comenzar\u00e1 gradualmente a partir de 2027 y la operaci\u00f3n a gran escala en 2028.<\/p>\n<p> METLEN:<\/p>\n<p>\nMETLEN Energy &amp; Metals \u2013 evoluci\u00f3n de MYTILINEOS Energy &amp; Metals &#8211; es una empresa multinacional industrial y energ\u00e9tica, l\u00edder en las industrias metal\u00fargica y energ\u00e9tica, centrada en la sostenibilidad y la econom\u00eda circular. La empresa cotiza en la Bolsa de Atenas, con una facturaci\u00f3n consolidada y un EBITDA de 5.492 millones de euros y 1.014 millones de euros, respectivamente. METLEN es un punto de referencia para la metalurgia verde competitiva a nivel europeo y mundial, al tiempo que opera la \u00fanica unidad de producci\u00f3n de bauxita, al\u00famina y aluminio primario integrada verticalmente en la Uni\u00f3n Europea (UE) con instalaciones portuarias de propiedad privada. En el sector energ\u00e9tico, METLEN ofrece soluciones integrales, que abarcan proyectos de energ\u00eda t\u00e9rmica y renovable, distribuci\u00f3n y comercializaci\u00f3n de electricidad, junto con inversiones en infraestructura de red, almacenamiento de bater\u00edas y otras tecnolog\u00edas verdes. La empresa est\u00e1 activa en los mercados de los cinco continentes, en 40 pa\u00edses, adoptando un modelo sin\u00e9rgico a gran escala entre los sectores de la metalurgia y la energ\u00eda, al tiempo que emprende el desarrollo de extremo a extremo de grandes proyectos de infraestructura energ\u00e9tica.<\/p>\n<p> Para m\u00e1s informaci\u00f3n, visite:www.metlengroup.com| Facebook| Twitter| YouTube| LinkedIn<\/p>\n<p>\nSi ya no desea recibir comunicados de prensa y actualizaciones de METLEN, haga clic aqu\u00ed.<\/p>\n<p> Foto &#8211; https:\/\/mma.prnewswire.com\/media\/2599980\/Metlen.jpg<\/p>\n<p>\nLogo: https:\/\/mma.prnewswire.com\/media\/2430163\/Metlen_Logo.jpg<\/p>\n<p> View original content:https:\/\/www.prnewswire.com\/news-releases\/nueva-inversion-minera-metalurgica-e-industrial-a-gran-escala-de-metlen-por-valor-de-295-5-millones-de-euros-302353365.html<\/p>\n","protected":false},"excerpt":{"rendered":"<p>(Informaci\u00f3n remitida por la empresa firmante) Desarrollo de una l\u00ednea de producci\u00f3n integrada de bauxita, al\u00famina y galio Plan de inversi\u00f3n de 295,5 millones de euros Capacidad total de producci\u00f3n anual de 1.265.000 toneladas de al\u00famina, 50 millones de toneladas de galio y unos 2 millones de toneladas de bauxita Sustituci\u00f3n total de las importaciones [&hellip;]<\/p>\n","protected":false},"author":1,"featured_media":0,"comment_status":"closed","ping_status":"closed","sticky":false,"template":"","format":"standard","meta":{"footnotes":""},"categories":[2],"tags":[],"class_list":["post-58549","post","type-post","status-publish","format-standard","hentry","category-noticias"],"_links":{"self":[{"href":"https:\/\/webciudadana.net\/index.php?rest_route=\/wp\/v2\/posts\/58549","targetHints":{"allow":["GET"]}}],"collection":[{"href":"https:\/\/webciudadana.net\/index.php?rest_route=\/wp\/v2\/posts"}],"about":[{"href":"https:\/\/webciudadana.net\/index.php?rest_route=\/wp\/v2\/types\/post"}],"author":[{"embeddable":true,"href":"https:\/\/webciudadana.net\/index.php?rest_route=\/wp\/v2\/users\/1"}],"replies":[{"embeddable":true,"href":"https:\/\/webciudadana.net\/index.php?rest_route=%2Fwp%2Fv2%2Fcomments&post=58549"}],"version-history":[{"count":0,"href":"https:\/\/webciudadana.net\/index.php?rest_route=\/wp\/v2\/posts\/58549\/revisions"}],"wp:attachment":[{"href":"https:\/\/webciudadana.net\/index.php?rest_route=%2Fwp%2Fv2%2Fmedia&parent=58549"}],"wp:term":[{"taxonomy":"category","embeddable":true,"href":"https:\/\/webciudadana.net\/index.php?rest_route=%2Fwp%2Fv2%2Fcategories&post=58549"},{"taxonomy":"post_tag","embeddable":true,"href":"https:\/\/webciudadana.net\/index.php?rest_route=%2Fwp%2Fv2%2Ftags&post=58549"}],"curies":[{"name":"wp","href":"https:\/\/api.w.org\/{rel}","templated":true}]}}