{"id":58566,"date":"2025-01-17T10:56:00","date_gmt":"2025-01-17T09:56:00","guid":{"rendered":"https:\/\/ticker-noticiasep.microcontenidos.com\/NoticiaRSS.vbhtml?user=FRND562DLP&amp;cod=20250117105600"},"modified":"2025-01-17T10:56:00","modified_gmt":"2025-01-17T09:56:00","slug":"sociedad-presa-de-la-retorna-una-obra-de-ingenieria-unica-bajo-amenaza","status":"publish","type":"post","link":"https:\/\/webciudadana.net\/?p=58566","title":{"rendered":"Sociedad: Presa de La Retorna: Una obra de ingenier\u00eda \u00fanica bajo amenaza"},"content":{"rendered":"\n<div><img decoding=\"async\" src=\"https:\/\/img.europapress.es\/fotoweb\/fotonoticia_20250117105600_300.jpg\" class=\"ff-og-image-inserted\"><\/div>\n<p>(Informaci\u00f3n remitida por la empresa firmante)<\/p>\n<p>\nLogro\u00f1o acoger\u00e1 el 21 de enero una jornada sobre el futuro de la presa de La Retorna y su impacto clave en los municipios de Ventrosa de la Sierra, Brieva de Cameros y Anguiano.<\/p>\n<p> El TSJ de Arag\u00f3n dicta sentencia y ratifica la resoluci\u00f3n de la CHE para su demolici\u00f3n.<\/p>\n<p> En el evento se debatir\u00e1 la necesidad de mantenimiento de la presa teniendo en cuenta las novedades procesales que desoyen, una vez m\u00e1s, tanto a los profesionales como a la ciudadan\u00eda.<\/p>\n<p> Logro\u00f1o, 17 de enero de 2025.-*El pr\u00f3ximo 21 de enero, Logro\u00f1o ser\u00e1 el escenario de una jornada clave para el an\u00e1lisis del futuro de la presa de La Retorna, una obra maestra de la ingenier\u00eda construida hace 80 a\u00f1os por el reconocido ingeniero logro\u00f1\u00e9s Carlos Fern\u00e1ndez Casado. Este evento, organizado por el Instituto de la Ingenier\u00eda de Espa\u00f1a (IIE), la Asociaci\u00f3n Nacional de Ingenieros Agr\u00f3nomos, la Asociaci\u00f3n de Ingenieros de Caminos, Canales y Puertos, y el Foro Agua, Alimentos y Sostenibilidad (FAAS), tendr\u00e1 lugar en el Espacio Lagares a partir de las 10:00 horas y en \u00e9l se debatir\u00e1 la situaci\u00f3n actual del conjunto hidr\u00e1ulico. El encuentro se produce en un momento crucial tras la resoluci\u00f3n del TSJ de Arag\u00f3n, que ratifica su demolici\u00f3n.<\/p>\n<p> La presa de La Retorna, junto con su sistema de acueductos, central hidroel\u00e9ctrica y puente de acceso, es mucho m\u00e1s que una infraestructura t\u00e9cnica: representa un legado cultural y art\u00edstico \u00fanico. En 2023, el Gobierno de La Rioja la incluy\u00f3 en el listado regional de bienes de inter\u00e9s cultural (BIC), aunque el expediente fue archivado por cuestiones de competencia estatal, traslad\u00e1ndose al Ministerio de Cultura. La Confederaci\u00f3n Hidrogr\u00e1fica del Ebro (CHE) solicit\u00f3 su demolici\u00f3n tras la extinci\u00f3n del derecho concesional, lo que ha generado preocupaci\u00f3n tanto en la poblaci\u00f3n local como entre expertos. La demarcaci\u00f3n de La Rioja del Colegio de Ingenieros de Caminos, Canales y Puertos present\u00f3 el pasado mes de noviembre formalmente alegaciones ante la Confederaci\u00f3n Hidrogr\u00e1fica del Ebro. A \u00faltima hora de la tarde del 14 de enero de 2025, TSJ de Arag\u00f3n dict\u00f3 sentencia que desestima el recurso contencioso-administrativo solicitando que se suspendiera la demolici\u00f3n de la presa de La Retorna y confirma la Resoluci\u00f3n de la CHE de 14 de junio de 2022. Frente a la sentencia cabe recurso de casaci\u00f3n en el plazo de 30 d\u00edas.<\/p>\n<p> A\u00fan queda por resolver el procedimiento para la declaraci\u00f3n de la presa de La Retorna BIC (Bien de Inter\u00e9s Cultural), en manos del Ministerio de Cultura. El conjunto hidr\u00e1ulico de La Retorna es un ejemplo excepcional de ingenier\u00eda civil en Espa\u00f1a y su conservaci\u00f3n responde al mandato constitucional de proteger el patrimonio hist\u00f3rico y cultural.<\/p>\n<p> Adem\u00e1s de ser un referente hist\u00f3rico y cultural, la presa ha tenido un impacto significativo en el desarrollo econ\u00f3mico de la zona. Su desaparici\u00f3n podr\u00eda afectar negativamente a las comunidades ubicadas a su alrededor, especialmente a los municipios colindantes de Ventrosa de la Sierra, Brieva de Cameros y Anguiano, no solo por la p\u00e9rdida de una fuente de energ\u00eda, sino tambi\u00e9n por los beneficios asociados, como la regulaci\u00f3n h\u00eddrica, la prevenci\u00f3n de inundaciones y su potencial tur\u00edstico. Otra de las posibles consecuencias negativas que este derribo tendr\u00eda para la regi\u00f3n, ser\u00eda la aceleraci\u00f3n de la despoblaci\u00f3n en una zona ya marcada por este fen\u00f3meno.<\/p>\n<p> Programa<\/p>\n<p>\nLa jornada dar\u00e1 inicio con una bienvenida institucional a cargo de la alcald\u00eda de Logro\u00f1o, sede del evento. A continuaci\u00f3n, Mar\u00eda Cruz D\u00edaz, Presidenta del Instituto de Ingenier\u00eda de Espa\u00f1a; Jos\u00e9 Trigueros, Presidente de FAAS y de la Asociaci\u00f3n Nacional de Ingenieros de Caminos y Pedro Lara, Decano del Colegio Ingenieros Agr\u00f3nomos de La Rioja y Delegado territorial de ANIA, ser\u00e1n los encargados de presentar el evento. En sus intervenciones, destacar\u00e1n la relevancia de la presa de La Retorna como patrimonio cultural y t\u00e9cnico de La Rioja.<\/p>\n<p> A continuaci\u00f3n, se abordar\u00e1 \u00abLa presa y su entorno: m\u00e1s all\u00e1 del suministro\u00bb. En este apartado participar\u00e1n representantes del Gobierno regional que expondr\u00e1n el impacto del derribo de la presa. Los alcaldes de los municipios afectados, Ventrosa de la Sierra, Brieva de Cameros y Anguiano, ofrecer\u00e1n a continuaci\u00f3n su visi\u00f3n sobre los efectos sociales, culturales y econ\u00f3micos de esta posible decisi\u00f3n.<\/p>\n<p> El momento central del evento ser\u00e1 la mesa redonda titulada \u00ab\u00bfHay una alternativa a la demolici\u00f3n? Beneficios econ\u00f3micos y sociales de su mantenimiento\u00bb, moderada por Ramiro Aur\u00edn, Vicepresidente de FAAS. Esta discusi\u00f3n reunir\u00e1 a Jos\u00e9 Mar\u00eda Gonz\u00e1lez Moya, Director General de APPA Renovables, para explorar el papel de las centrales hidr\u00e1ulicas centenarias en los objetivos de energ\u00eda y clima; la intervenci\u00f3n de Luc\u00eda Fern\u00e1ndez Mu\u00f1oz, Ingeniera de Caminos y nieta de Carlos Fern\u00e1ndez Casado, autor de la presa, aportar\u00e1 una perspectiva \u00fanica sobre el valor hist\u00f3rico, cultural y t\u00e9cnico de esta obra maestra de la ingenier\u00eda. Jos\u00e9 Luis Gonz\u00e1lez Vallv\u00e9, Doctor Ingeniero de Caminos y Licenciado en Derecho, explorar\u00e1 posibles modelos de gesti\u00f3n alternativos y su viabilidad y \u00c1ngel P\u00e9rez S\u00e1enz, Ingeniero Agr\u00f3nomo, hablar\u00e1 sobre el papel de las nuevas presas en la agricultura.<\/p>\n<p> La jornada finalizar\u00e1 con una intervenci\u00f3n de Rafael Romeo, expresidente de la Confederaci\u00f3n Hidrogr\u00e1fica del Ebro, qui\u00e9n reflexionar\u00e1 sobre la necesidad de conservar el patrimonio hidr\u00e1ulico por sus beneficios econ\u00f3micos y culturales.<\/p>\n<p> Un espacio para la reflexi\u00f3n<\/p>\n<p>\nEste evento busca promover un debate constructivo sobre el futuro de La Retorna, destacando su valor hist\u00f3rico y art\u00edstico, al tiempo que se analizan soluciones sostenibles que compatibilicen la conservaci\u00f3n del patrimonio con las exigencias medioambientales actuales.<\/p>\n<p> La jornada cuenta con el apoyo y colaboraci\u00f3n del Ayuntamiento de Logro\u00f1o y estar\u00e1 abierta a todo el p\u00fablico interesado hasta completar aforo, mediante la inscripci\u00f3n a trav\u00e9s de este link: Formulario de Inscripci\u00f3n<\/p>\n<p>\nEmisor: FASS<\/p>\n<p>\nPara m\u00e1s informaci\u00f3n:<\/p>\n<p>\nVirginia Moreno Valverde<\/p>\n<p>\nvmoreno@aguaalimentosysostenibilidad.es<\/p>\n<p>\n639424623<\/p>\n","protected":false},"excerpt":{"rendered":"<p>(Informaci\u00f3n remitida por la empresa firmante) Logro\u00f1o acoger\u00e1 el 21 de enero una jornada sobre el futuro de la presa de La Retorna y su impacto clave en los municipios de Ventrosa de la Sierra, Brieva de Cameros y Anguiano. El TSJ de Arag\u00f3n dicta sentencia y ratifica la resoluci\u00f3n de la CHE para su [&hellip;]<\/p>\n","protected":false},"author":1,"featured_media":0,"comment_status":"closed","ping_status":"closed","sticky":false,"template":"","format":"standard","meta":{"footnotes":""},"categories":[2],"tags":[],"class_list":["post-58566","post","type-post","status-publish","format-standard","hentry","category-noticias"],"_links":{"self":[{"href":"https:\/\/webciudadana.net\/index.php?rest_route=\/wp\/v2\/posts\/58566","targetHints":{"allow":["GET"]}}],"collection":[{"href":"https:\/\/webciudadana.net\/index.php?rest_route=\/wp\/v2\/posts"}],"about":[{"href":"https:\/\/webciudadana.net\/index.php?rest_route=\/wp\/v2\/types\/post"}],"author":[{"embeddable":true,"href":"https:\/\/webciudadana.net\/index.php?rest_route=\/wp\/v2\/users\/1"}],"replies":[{"embeddable":true,"href":"https:\/\/webciudadana.net\/index.php?rest_route=%2Fwp%2Fv2%2Fcomments&post=58566"}],"version-history":[{"count":0,"href":"https:\/\/webciudadana.net\/index.php?rest_route=\/wp\/v2\/posts\/58566\/revisions"}],"wp:attachment":[{"href":"https:\/\/webciudadana.net\/index.php?rest_route=%2Fwp%2Fv2%2Fmedia&parent=58566"}],"wp:term":[{"taxonomy":"category","embeddable":true,"href":"https:\/\/webciudadana.net\/index.php?rest_route=%2Fwp%2Fv2%2Fcategories&post=58566"},{"taxonomy":"post_tag","embeddable":true,"href":"https:\/\/webciudadana.net\/index.php?rest_route=%2Fwp%2Fv2%2Ftags&post=58566"}],"curies":[{"name":"wp","href":"https:\/\/api.w.org\/{rel}","templated":true}]}}