{"id":58575,"date":"2025-01-17T16:16:00","date_gmt":"2025-01-17T15:16:00","guid":{"rendered":"https:\/\/ticker-noticiasep.microcontenidos.com\/NoticiaRSS.vbhtml?user=FRND562DLP&amp;cod=20250117161600"},"modified":"2025-01-17T16:16:00","modified_gmt":"2025-01-17T15:16:00","slug":"sociedad-el-colegio-juan-pablo-ii-de-parla-se-convierte-en-referencia-de-la-alimentacion-escolar","status":"publish","type":"post","link":"https:\/\/webciudadana.net\/?p=58575","title":{"rendered":"Sociedad: El Colegio Juan Pablo II de Parla se convierte en referencia de la alimentaci\u00f3n escolar"},"content":{"rendered":"\n<div><img decoding=\"async\" src=\"https:\/\/img.europapress.es\/fotoweb\/fotonoticia_20250117161600_300.jpg\" class=\"ff-og-image-inserted\"><\/div>\n<p>(Informaci\u00f3n remitida por la empresa firmante)<\/p>\n<p>\nCon dos cocinas independientes y un compromiso con la calidad y la atenci\u00f3n personalizada, el Colegio Juan Pablo II de Parla se convierte en un modelo de referencia en la alimentaci\u00f3n escolar, cuidando cada detalle para sus alumnos y personal<\/p>\n<p>\nMadrid, 17 de enero de 2025.-*En el Colegio Juan Pablo II de Parla, la alimentaci\u00f3n de los m\u00e1s peque\u00f1os es mucho m\u00e1s que un simple momento del d\u00eda; es una prioridad y una parte fundamental de su proyecto educativo. Con m\u00e1s de 800 alumnos que disfrutan del servicio de comedor a diario, el colegio ha desarrollado una infraestructura y gesti\u00f3n que lo convierten en un referente en calidad y atenci\u00f3n alimentaria.<\/p>\n<p> Una cocina dedicada a las necesidades especiales: alergias e intolerancias<\/p>\n<p>\n*El colegio cuenta con una cocina exclusiva y completamente equipada para atender a los alumnos con alergias e intolerancias alimentarias. Este espacio independiente dispone de fogones, plancha, freidora y otros elementos dise\u00f1ados para garantizar la seguridad alimentaria de estos estudiantes. Aqu\u00ed, un profesional dedicado exclusivamente a este servicio prepara men\u00fas adaptados a m\u00e1s de 35 tipos de necesidades espec\u00edficas, asegurando que cada ni\u00f1o coma con tranquilidad y confianza.<\/p>\n<p> Un espacio innovador y cuidado<\/p>\n<p>\n*La cocina principal del colegio, con m\u00e1s de 250 metros cuadrados, est\u00e1 dise\u00f1ada para cumplir con los m\u00e1s altos est\u00e1ndares de calidad y eficiencia. Cada \u00e1rea est\u00e1 separada para el tratamiento espec\u00edfico de alimentos como el pescado, los fiambres y otros productos, lo que garantiza un manejo higi\u00e9nico y seguro. Adem\u00e1s, el espacio cuenta con cuatro c\u00e1maras frigor\u00edficas y un congelador, as\u00ed como un abatidor de grandes dimensiones, una herramienta clave para preservar la calidad y frescura de los alimentos.<\/p>\n<p> El abatidor permite enfriar r\u00e1pidamente los platos reci\u00e9n cocinados, manteniendo sus propiedades nutricionales y organol\u00e9pticas. \u00abTrabajamos con primeras marcas porque sabemos que la calidad de los ingredientes marca la diferencia en el sabor y los nutrientes que aportamos a los ni\u00f1os\u00bb, explica Almudena Quintas, subdirectora del colegio Juan Pablo II de Parla.<\/p>\n<p> Un comedor que alimenta cuerpo y mente<\/p>\n<p>\n*El comedor del colegio no solo se centra en ofrecer una alimentaci\u00f3n equilibrada, sino que tambi\u00e9n busca ser un espacio educativo y de socializaci\u00f3n. Con men\u00fas dise\u00f1ados en colaboraci\u00f3n con nutricionistas, el enfermero del colegio y la subdirectora, se garantiza que cada plato sea saludable, variado y adaptado a las necesidades de los ni\u00f1os.<\/p>\n<p> \u00abEl objetivo no es solo alimentar, sino ense\u00f1ar h\u00e1bitos saludables y crear un ambiente en el que los ni\u00f1os disfruten de la comida y aprendan a compartir\u00bb, comenta Elena Garc\u00eda, Coordinadora de Infantil.<\/p>\n<p>\n*Adem\u00e1s, el comedor est\u00e1 atendido por profesores y personal auxiliar del colegio, evitando la externalizaci\u00f3n de este servicio. Este enfoque permite que los ni\u00f1os est\u00e9n rodeados de personas que conocen su d\u00eda a d\u00eda y pueden contribuir a su educaci\u00f3n integral.<\/p>\n<p> Una iniciativa familiar: &#8216;Mis padres comen en el cole&#8217;<\/p>\n<p>\n*Cada a\u00f1o, la Asociaci\u00f3n de Padres de Alumnos (APA) organiza varias jornadas en las que las familias pueden venir a comer al colegio y conocer de primera mano el funcionamiento del comedor, adem\u00e1s de visitar las cocinas. Esta iniciativa refuerza la confianza de los padres y fomenta la conexi\u00f3n entre el colegio y las familias.<\/p>\n<p> Compromiso con la excelencia alimentaria<\/p>\n<p>\n*En el Colegio Juan Pablo II de Parla, ofrecer pescado dos veces por semana, evitar fritos y priorizar elaboraciones ligeras y nutritivas son solo algunos ejemplos de su compromiso con una alimentaci\u00f3n de calidad. Este enfoque, combinado con una gesti\u00f3n cuidadosa y espacios dise\u00f1ados para la seguridad y el bienestar de los alumnos, convierte al comedor en un pilar importante para las familias a la hora de elegir este colegio.<\/p>\n<p> Con su doble cocina, atenci\u00f3n personalizada y un enfoque integral, el Colegio Juan Pablo II de Parla demuestra que la alimentaci\u00f3n escolar puede ser mucho m\u00e1s que una necesidad: puede ser una experiencia educativa y de cuidado al alumno que deja una huella positiva en cada ni\u00f1o.<\/p>\n<p> Emisor: Colegio Juan Pablo II de Parla<\/p>\n<p>\nContacto<\/p>\n<p>\nNombre contacto: Colegio Juan Pablo II de Parla<\/p>\n<p>\nDescripci\u00f3n contacto: Comunicaci\u00f3n<\/p>\n<p>\nTel\u00e9fono de contacto: 911610055<\/p>\n","protected":false},"excerpt":{"rendered":"<p>(Informaci\u00f3n remitida por la empresa firmante) Con dos cocinas independientes y un compromiso con la calidad y la atenci\u00f3n personalizada, el Colegio Juan Pablo II de Parla se convierte en un modelo de referencia en la alimentaci\u00f3n escolar, cuidando cada detalle para sus alumnos y personal Madrid, 17 de enero de 2025.-*En el Colegio Juan [&hellip;]<\/p>\n","protected":false},"author":1,"featured_media":0,"comment_status":"closed","ping_status":"closed","sticky":false,"template":"","format":"standard","meta":{"footnotes":""},"categories":[2],"tags":[],"class_list":["post-58575","post","type-post","status-publish","format-standard","hentry","category-noticias"],"_links":{"self":[{"href":"https:\/\/webciudadana.net\/index.php?rest_route=\/wp\/v2\/posts\/58575","targetHints":{"allow":["GET"]}}],"collection":[{"href":"https:\/\/webciudadana.net\/index.php?rest_route=\/wp\/v2\/posts"}],"about":[{"href":"https:\/\/webciudadana.net\/index.php?rest_route=\/wp\/v2\/types\/post"}],"author":[{"embeddable":true,"href":"https:\/\/webciudadana.net\/index.php?rest_route=\/wp\/v2\/users\/1"}],"replies":[{"embeddable":true,"href":"https:\/\/webciudadana.net\/index.php?rest_route=%2Fwp%2Fv2%2Fcomments&post=58575"}],"version-history":[{"count":0,"href":"https:\/\/webciudadana.net\/index.php?rest_route=\/wp\/v2\/posts\/58575\/revisions"}],"wp:attachment":[{"href":"https:\/\/webciudadana.net\/index.php?rest_route=%2Fwp%2Fv2%2Fmedia&parent=58575"}],"wp:term":[{"taxonomy":"category","embeddable":true,"href":"https:\/\/webciudadana.net\/index.php?rest_route=%2Fwp%2Fv2%2Fcategories&post=58575"},{"taxonomy":"post_tag","embeddable":true,"href":"https:\/\/webciudadana.net\/index.php?rest_route=%2Fwp%2Fv2%2Ftags&post=58575"}],"curies":[{"name":"wp","href":"https:\/\/api.w.org\/{rel}","templated":true}]}}