{"id":58587,"date":"2025-01-20T09:01:19","date_gmt":"2025-01-20T08:01:19","guid":{"rendered":"https:\/\/ticker-noticiasep.microcontenidos.com\/NoticiaRSS.vbhtml?user=FRND562DLP&amp;cod=20250120090119"},"modified":"2025-01-20T09:01:19","modified_gmt":"2025-01-20T08:01:19","slug":"mundo-moldavia-acogera-el-46o-congreso-de-la-organizacion-internacional-de-la-vid-y-el-vino-oiv","status":"publish","type":"post","link":"https:\/\/webciudadana.net\/?p=58587","title":{"rendered":"Mundo: Moldavia acoger\u00e1 el 46\u00ba Congreso de la Organizaci\u00f3n Internacional de la Vid y el Vino (OIV)"},"content":{"rendered":"\n<div><img decoding=\"async\" src=\"https:\/\/img.europapress.es\/fotoweb\/fotonoticia_20250120090119_300.jpg\" class=\"ff-og-image-inserted\"><\/div>\n<p>(Informaci\u00f3n remitida por la empresa firmante)<\/p>\n<p>\nCHI?INAU, Moldavia, 20 de enero de 2025 \/PRNewswire\/ &#8212; El 46\u00ba Congreso Mundial de la Vid y el Vino, que se celebrar\u00e1 en paralelo a la 23\u00aa Asamblea General de laOIV, se celebrar\u00e1 en Moldavia del 16 al 20 de junio de 2025. Este acontecimiento hist\u00f3rico ofrecer\u00e1 una oportunidad sin precedentes para la industria vitivin\u00edcola del pa\u00eds, en un momento cr\u00edtico de su camino hacia el desarrollo sostenible. Organizada en colaboraci\u00f3n con el Ministerio de Agricultura e Industria Alimentaria, adem\u00e1s de la National Office of Vine and Wine (ONVV), la 46\u00aa edici\u00f3n promete \u00ababordar cuestiones relacionadas con los retos futuros del sector de la vid y el vino\u00bb en la capital de Moldavia, Chisinau. Mostrando su fuerza vitivin\u00edcola como capital mundial de la vid y el vino en 2025, Chisinau se ha convertido en un destino tur\u00edstico l\u00edder en Europa del Este.<\/p>\n<p> El Congreso abordar\u00e1 cuestiones tan pertinentes como las \u00abpr\u00e1cticas vitivin\u00edcolas resilientes para ecosistemas sostenibles\u00bb, adem\u00e1s de abordar las \u00abtecnolog\u00edas adaptativas e innovadoras en enolog\u00eda sostenible\u00bb. La resiliencia empresarial y la salud y la seguridad tambi\u00e9n ser\u00e1n el centro de atenci\u00f3n en el 46\u00ba Congreso, que se celebrar\u00e1 en el coraz\u00f3n de la vi\u00f1a moldava.<\/p>\n<p> Mientras tanto, los asistentes est\u00e1n invitados a descubrir una cultura vin\u00edcola \u00fanica, ya que las visitas a las fincas, los eventos de networking y las catas destacan los emocionantes vinos y los sabores originales del pa\u00eds. Alentados por la campa\u00f1a #10yearsofwinerevolution de Wine of Moldova, los principales interesados se han unido bajo un objetivo com\u00fan: la creaci\u00f3n de una industria vin\u00edcola moderna, promoviendo la sostenibilidad, la innovaci\u00f3n tecnol\u00f3gica y galvanizados por la marca nacional general Wine of Moldova. Mientras tanto, las partes interesadas han invertido un capital significativo en proyectos de equipamiento e infraestructura, ayudando a construir un destino tur\u00edstico moderno en el siglo XXI. Este desarrollo sostenible, aliado a una floreciente econom\u00eda de exportaci\u00f3n (la 14\u00aa m\u00e1s grande), ahora contribuye alrededor del 3% del PIB total, ayudando a las comunidades rurales a prosperar en un mercado globalizado. Hoy, uno de cada cuatro moldavos est\u00e1 conectado a la industria, mientras que los vinos locales ahora se env\u00edan a m\u00e1s de 70 pa\u00edses.<\/p>\n<p> El 46\u00ba Congreso, que albergar\u00e1 un evento fundamental en la agenda del sector, fortalecer\u00e1 la posici\u00f3n de Moldavia como actor influyente en la producci\u00f3n de vinos de alta calidad. Moldavia, pa\u00eds de tecnolog\u00edas y atracciones culturales, se est\u00e1 posicionando como un pa\u00eds l\u00edder en los desarrollos estructurales del sector de la vid y el vino, en particular con un proyecto revolucionario de inteligencia artificial que se lanzar\u00e1 en 2024 y que sigue generando reconocimiento internacional.<\/p>\n<p> En junio, el mundo estar\u00e1 atento a Moldavia y sus extraordinarios vinos.<\/p>\n<p> Foto &#8211; https:\/\/mma.prnewswire.com\/media\/2600882\/46th_World_Congress_of_Vine_and_Wine.jpg<\/p>\n<p> View original content:https:\/\/www.prnewswire.com\/news-releases\/moldavia-acogera-el-46-congreso-de-la-organizacion-internacional-de-la-vid-y-el-vino-oiv-302354810.html<\/p>\n","protected":false},"excerpt":{"rendered":"<p>(Informaci\u00f3n remitida por la empresa firmante) CHI?INAU, Moldavia, 20 de enero de 2025 \/PRNewswire\/ &#8212; El 46\u00ba Congreso Mundial de la Vid y el Vino, que se celebrar\u00e1 en paralelo a la 23\u00aa Asamblea General de laOIV, se celebrar\u00e1 en Moldavia del 16 al 20 de junio de 2025. Este acontecimiento hist\u00f3rico ofrecer\u00e1 una oportunidad [&hellip;]<\/p>\n","protected":false},"author":1,"featured_media":0,"comment_status":"closed","ping_status":"closed","sticky":false,"template":"","format":"standard","meta":{"footnotes":""},"categories":[2],"tags":[],"class_list":["post-58587","post","type-post","status-publish","format-standard","hentry","category-noticias"],"_links":{"self":[{"href":"https:\/\/webciudadana.net\/index.php?rest_route=\/wp\/v2\/posts\/58587","targetHints":{"allow":["GET"]}}],"collection":[{"href":"https:\/\/webciudadana.net\/index.php?rest_route=\/wp\/v2\/posts"}],"about":[{"href":"https:\/\/webciudadana.net\/index.php?rest_route=\/wp\/v2\/types\/post"}],"author":[{"embeddable":true,"href":"https:\/\/webciudadana.net\/index.php?rest_route=\/wp\/v2\/users\/1"}],"replies":[{"embeddable":true,"href":"https:\/\/webciudadana.net\/index.php?rest_route=%2Fwp%2Fv2%2Fcomments&post=58587"}],"version-history":[{"count":0,"href":"https:\/\/webciudadana.net\/index.php?rest_route=\/wp\/v2\/posts\/58587\/revisions"}],"wp:attachment":[{"href":"https:\/\/webciudadana.net\/index.php?rest_route=%2Fwp%2Fv2%2Fmedia&parent=58587"}],"wp:term":[{"taxonomy":"category","embeddable":true,"href":"https:\/\/webciudadana.net\/index.php?rest_route=%2Fwp%2Fv2%2Fcategories&post=58587"},{"taxonomy":"post_tag","embeddable":true,"href":"https:\/\/webciudadana.net\/index.php?rest_route=%2Fwp%2Fv2%2Ftags&post=58587"}],"curies":[{"name":"wp","href":"https:\/\/api.w.org\/{rel}","templated":true}]}}