{"id":58597,"date":"2025-01-20T13:56:46","date_gmt":"2025-01-20T12:56:46","guid":{"rendered":"https:\/\/ticker-noticiasep.microcontenidos.com\/NoticiaRSS.vbhtml?user=FRND562DLP&amp;cod=20250120135646"},"modified":"2025-01-20T13:56:46","modified_gmt":"2025-01-20T12:56:46","slug":"mundo-ja-solar-firma-un-acuerdo-con-ceec-para-suministrar-modulos-de-125-gw","status":"publish","type":"post","link":"https:\/\/webciudadana.net\/?p=58597","title":{"rendered":"Mundo: JA Solar firma un acuerdo con CEEC para suministrar m\u00f3dulos de 1,25 GW"},"content":{"rendered":"\n<div><img decoding=\"async\" src=\"https:\/\/img.europapress.es\/fotoweb\/fotonoticia_20250120135646_300.jpg\" class=\"ff-og-image-inserted\"><\/div>\n<p>(Informaci\u00f3n remitida por la empresa firmante)<\/p>\n<p>\n&#8212; JA Solar firma un acuerdo con CEEC para suministrar m\u00f3dulos de 1,25 GW al mayor proyecto de almacenamiento fotovoltaico de \u00c1frica<\/p>\n<p>\nPEK\u00cdN, 20 de enero de 2025\/PRNewswire\/ &#8212; El 14 de enero, d\u00eda de la inauguraci\u00f3n de la Cumbre Mundial sobre la Energ\u00eda del Futuro 2025 (WFES 2025) en Abu Dabi, JA Solar firm\u00f3 un acuerdo de adquisici\u00f3n de m\u00f3dulos de 1,25 GW con China Energy Engineering Corporation (CEEC). El acuerdo asegura a JA Solar como proveedor exclusivo de m\u00f3dulos fotovoltaicos (FV) de tipo n de alta eficiencia para el Proyecto de Almacenamiento FV Abydos Fase II 1GW+600MWh, el mayor de su clase en \u00c1frica, desarrollado por AMEA Power y construido por CEEC.<\/p>\n<p> A la ceremonia de firma asistieron numerosos participantes clave del proyecto, entre ellos Hussain Al Nowais, presidente de AMEA Power; Mahabir Sharma, director t\u00e9cnico de AMEA Power; Aqueel Bohra, director de informaci\u00f3n de AMEA Power; Shupeng Su, presidente de CEEC Egypt International; y Tony Zhu, presidente de la Divisi\u00f3n de Energ\u00eda Fotovoltaica y Almacenamiento de Energ\u00eda de JA Solar. Sicheng Yang, director general adjunto de CEEC Zhejiang Thermal Power Construction Co., Ltd., Divisi\u00f3n de Ingenier\u00eda Internacional, y el director de ventas de JA Solar en la regi\u00f3n de Oriente Medio, firmaron el acuerdo en nombre de sus respectivas empresas.<\/p>\n<p> Con una extensi\u00f3n aproximada de 20 kil\u00f3metros cuadrados, el proyecto contar\u00e1 con la mayor instalaci\u00f3n fotovoltaica de \u00c1frica y el mayor sistema de almacenamiento en bater\u00edas del continente. Una vez terminado, se espera que genere unos 3.000 GWh anuales, suministrando electricidad a m\u00e1s de 500.000 hogares y compensando m\u00e1s de 1 mill\u00f3n de toneladas de emisiones de di\u00f3xido de carbono al a\u00f1o. El proyecto mejorar\u00e1 significativamente la cuota de energ\u00eda renovable y la estabilidad de la red de Egipto, marcando un hito en el desarrollo de soluciones fotovoltaicas y de almacenamiento en Egipto y en toda \u00c1frica.<\/p>\n<p> El primer ministro egipcio, Mostafa Madbouly, expres\u00f3 sus grandes expectativas en el proyecto, destacando su papel fundamental en el avance del Plan de Acci\u00f3n de Energ\u00eda Limpia de Egipto y en el fomento de un crecimiento medioambiental y econ\u00f3mico sostenible. Anim\u00f3 a las empresas chinas participantes a aprovechar sus puntos fuertes, aumentar las inversiones en Egipto y contribuir a los objetivos de la Visi\u00f3n 2030 del pa\u00eds mejorando la calidad y la eficiencia del suministro el\u00e9ctrico.<\/p>\n<p> Tambi\u00e9n es importante la noticia de que uno de los mayores proyectos fotovoltaicos conectados a la red de \u00c1frica, la planta solar fotovoltaica de Abydos de 500 MW, se ha completado con \u00e9xito gracias a la colaboraci\u00f3n de AMEA Power, CEEC y JA Solar, que ha suministrado todos los m\u00f3dulos fotovoltaicos para el proyecto. La firma del acuerdo de Fase II no s\u00f3lo refleja los buenos resultados obtenidos en colaboraciones anteriores, sino que tambi\u00e9n subraya el compromiso compartido de impulsar el desarrollo de las energ\u00edas renovables en \u00c1frica y crear nuevos hitos en la industria fotovoltaica.<\/p>\n<p> Foto &#8211; https:\/\/mma.prnewswire.com\/media\/2601561\/JA_Solar_Signs_1_25GW_Module_Deal_with_CEEC_to_Supply_Africa_s_Largest_PV_Storage_Project.jpg<\/p>\n<p> View original content:https:\/\/www.prnewswire.com\/news-releases\/ja-solar-firma-un-acuerdo-con-ceec-para-suministrar-modulos-de-1-25-gw-302355278.html<\/p>\n","protected":false},"excerpt":{"rendered":"<p>(Informaci\u00f3n remitida por la empresa firmante) &#8212; JA Solar firma un acuerdo con CEEC para suministrar m\u00f3dulos de 1,25 GW al mayor proyecto de almacenamiento fotovoltaico de \u00c1frica PEK\u00cdN, 20 de enero de 2025\/PRNewswire\/ &#8212; El 14 de enero, d\u00eda de la inauguraci\u00f3n de la Cumbre Mundial sobre la Energ\u00eda del Futuro 2025 (WFES 2025) [&hellip;]<\/p>\n","protected":false},"author":1,"featured_media":0,"comment_status":"closed","ping_status":"closed","sticky":false,"template":"","format":"standard","meta":{"footnotes":""},"categories":[2],"tags":[],"class_list":["post-58597","post","type-post","status-publish","format-standard","hentry","category-noticias"],"_links":{"self":[{"href":"https:\/\/webciudadana.net\/index.php?rest_route=\/wp\/v2\/posts\/58597","targetHints":{"allow":["GET"]}}],"collection":[{"href":"https:\/\/webciudadana.net\/index.php?rest_route=\/wp\/v2\/posts"}],"about":[{"href":"https:\/\/webciudadana.net\/index.php?rest_route=\/wp\/v2\/types\/post"}],"author":[{"embeddable":true,"href":"https:\/\/webciudadana.net\/index.php?rest_route=\/wp\/v2\/users\/1"}],"replies":[{"embeddable":true,"href":"https:\/\/webciudadana.net\/index.php?rest_route=%2Fwp%2Fv2%2Fcomments&post=58597"}],"version-history":[{"count":0,"href":"https:\/\/webciudadana.net\/index.php?rest_route=\/wp\/v2\/posts\/58597\/revisions"}],"wp:attachment":[{"href":"https:\/\/webciudadana.net\/index.php?rest_route=%2Fwp%2Fv2%2Fmedia&parent=58597"}],"wp:term":[{"taxonomy":"category","embeddable":true,"href":"https:\/\/webciudadana.net\/index.php?rest_route=%2Fwp%2Fv2%2Fcategories&post=58597"},{"taxonomy":"post_tag","embeddable":true,"href":"https:\/\/webciudadana.net\/index.php?rest_route=%2Fwp%2Fv2%2Ftags&post=58597"}],"curies":[{"name":"wp","href":"https:\/\/api.w.org\/{rel}","templated":true}]}}