{"id":58598,"date":"2025-01-20T14:28:23","date_gmt":"2025-01-20T13:28:23","guid":{"rendered":"https:\/\/ticker-noticiasep.microcontenidos.com\/NoticiaRSS.vbhtml?user=FRND562DLP&amp;cod=20250120142823"},"modified":"2025-01-20T14:28:23","modified_gmt":"2025-01-20T13:28:23","slug":"mundo-ultimas-entrevistas-de-davos-de-acumen-media-con-los-principales-lideres-empresariales","status":"publish","type":"post","link":"https:\/\/webciudadana.net\/?p=58598","title":{"rendered":"Mundo: \u00daltimas \u00abEntrevistas de Davos\u00bb de Acumen Media con los principales l\u00edderes empresariales"},"content":{"rendered":"\n<p>(Informaci\u00f3n remitida por la empresa firmante)<\/p>\n<p>\n&#8212; \u00daltimas \u00abEntrevistas de Davos\u00bb de Acumen Media con los principales l\u00edderes empresariales antes de la reuni\u00f3n anual del Foro Econ\u00f3mico Mundial<\/p>\n<p>\nLONDRES, 20 de enero de 2025 \/PRNewswire\/ &#8212; En previsi\u00f3n de la Reuni\u00f3n Anual 2025 del Foro Econ\u00f3mico Mundial, que se celebrar\u00e1 esta semana en Davos bajo el lema Colaboraci\u00f3n para la Era Inteligente, acaba de ponerse en marcha una nueva serie de entrevistas. La serie, producida por Acumen Media y presentada en CBS News online, presenta conversaciones con influyentes l\u00edderes empresariales que est\u00e1n impulsando un impacto significativo en consonancia con los objetivos compartidos por gobiernos y organizaciones de todo el mundo.<\/p>\n<p> A trav\u00e9s de estos debates sinceros, la serie explora c\u00f3mo las empresas est\u00e1n afrontando algunos de los retos m\u00e1s acuciantes de nuestro tiempo: la sostenibilidad, la innovaci\u00f3n tecnol\u00f3gica y la equidad social. Cada l\u00edder arroja luz sobre las estrategias, los logros y los esfuerzos de colaboraci\u00f3n de su organizaci\u00f3n para crear un futuro m\u00e1s inteligente, interconectado y equitativo.<\/p>\n<p> \u00abEl tema de Davos de este a\u00f1o es una llamada a la acci\u00f3n\u00bb, explic\u00f3 Paolo Emilio Zanini, consejero delegado de Acumen. \u00abNuestra serie de entrevistas muestra el poder de la colaboraci\u00f3n para navegar por las complejidades del mundo actual, al tiempo que sienta las bases de soluciones transformadoras\u00bb.<\/p>\n<p> La serie, ahora disponible en CBS News, ofrece informaci\u00f3n pr\u00e1ctica sobre c\u00f3mo las industrias se alinean con las prioridades mundiales para impulsar la innovaci\u00f3n y el desarrollo sostenible.<\/p>\n<p> \u00danase a la conversaci\u00f3n y d\u00e9jese inspirar por los l\u00edderes que dan forma a la Era Inteligente. Vea la serie completa en https:\/\/www.cbsnews.com\/video\/playlist\/davos-interviews\/<\/p>\n<p>\nAcumen Media es l\u00edder en la narraci\u00f3n de historias perspicaces, dando forma a relatos que resuenan e inspiran. Conocida por su meticulosa atenci\u00f3n al detalle, la empresa combina la creatividad con el prop\u00f3sito de ofrecer contenidos que no s\u00f3lo informan, sino que tambi\u00e9n cautivan. Con un profundo compromiso con la autenticidad y la innovaci\u00f3n, Acumen Media crea historias convincentes que conectan con audiencias de todas las culturas y sectores.<\/p>\n<p> A trav\u00e9s de su enfoque visionario, Acumen Media ampl\u00eda continuamente los l\u00edmites de lo que el contenido puede lograr, estableciendo un est\u00e1ndar de excelencia y dejando una marca indeleble en el panorama de los medios de comunicaci\u00f3n.<\/p>\n<p> Conozca m\u00e1s sobre nuestros proyectos y campa\u00f1as en: Acumen Stories<\/p>\n<p>\nVea la serie &#8216;The Davos Interviews&#8217; cbsnews Vea nuestras otras series en YouTube<\/p>\n<p>\nVisite los medios de Acumen en LinkedIn<\/p>\n<p>\nCONTACTO: Jack Boyson, j.boyson@acumenmedia.com<\/p>\n<p>\nVideo: https:\/\/mma.prnewswire.com\/media\/2601615\/Acumen_Media_Davos.mp4<\/p>\n<p> View original content:https:\/\/www.prnewswire.com\/es\/comunicados-de-prensa\/ultimas-entrevistas-de-davos-de-acumen-media-con-los-principales-lideres-empresariales-302355301.html<\/p>\n","protected":false},"excerpt":{"rendered":"<p>(Informaci\u00f3n remitida por la empresa firmante) &#8212; \u00daltimas \u00abEntrevistas de Davos\u00bb de Acumen Media con los principales l\u00edderes empresariales antes de la reuni\u00f3n anual del Foro Econ\u00f3mico Mundial LONDRES, 20 de enero de 2025 \/PRNewswire\/ &#8212; En previsi\u00f3n de la Reuni\u00f3n Anual 2025 del Foro Econ\u00f3mico Mundial, que se celebrar\u00e1 esta semana en Davos bajo [&hellip;]<\/p>\n","protected":false},"author":1,"featured_media":0,"comment_status":"closed","ping_status":"closed","sticky":false,"template":"","format":"standard","meta":{"footnotes":""},"categories":[2],"tags":[],"class_list":["post-58598","post","type-post","status-publish","format-standard","hentry","category-noticias"],"_links":{"self":[{"href":"https:\/\/webciudadana.net\/index.php?rest_route=\/wp\/v2\/posts\/58598","targetHints":{"allow":["GET"]}}],"collection":[{"href":"https:\/\/webciudadana.net\/index.php?rest_route=\/wp\/v2\/posts"}],"about":[{"href":"https:\/\/webciudadana.net\/index.php?rest_route=\/wp\/v2\/types\/post"}],"author":[{"embeddable":true,"href":"https:\/\/webciudadana.net\/index.php?rest_route=\/wp\/v2\/users\/1"}],"replies":[{"embeddable":true,"href":"https:\/\/webciudadana.net\/index.php?rest_route=%2Fwp%2Fv2%2Fcomments&post=58598"}],"version-history":[{"count":0,"href":"https:\/\/webciudadana.net\/index.php?rest_route=\/wp\/v2\/posts\/58598\/revisions"}],"wp:attachment":[{"href":"https:\/\/webciudadana.net\/index.php?rest_route=%2Fwp%2Fv2%2Fmedia&parent=58598"}],"wp:term":[{"taxonomy":"category","embeddable":true,"href":"https:\/\/webciudadana.net\/index.php?rest_route=%2Fwp%2Fv2%2Fcategories&post=58598"},{"taxonomy":"post_tag","embeddable":true,"href":"https:\/\/webciudadana.net\/index.php?rest_route=%2Fwp%2Fv2%2Ftags&post=58598"}],"curies":[{"name":"wp","href":"https:\/\/api.w.org\/{rel}","templated":true}]}}