{"id":58613,"date":"2025-01-20T16:41:12","date_gmt":"2025-01-20T15:41:12","guid":{"rendered":"https:\/\/ticker-noticiasep.microcontenidos.com\/NoticiaRSS.vbhtml?user=FRND562DLP&amp;cod=20250120164112"},"modified":"2025-01-20T16:41:12","modified_gmt":"2025-01-20T15:41:12","slug":"mundo-revista-lider-mexico-una-plataforma-que-destaca-a-los-lideres-nacionales-mas-importantes","status":"publish","type":"post","link":"https:\/\/webciudadana.net\/?p=58613","title":{"rendered":"Mundo: Revista L\u00edder M\u00e9xico, Una plataforma que destaca a los l\u00edderes nacionales m\u00e1s importantes"},"content":{"rendered":"\n<p>(Informaci\u00f3n remitida por la empresa firmante)<\/p>\n<p>\nMadrid, 20 de enero de 2025.- En el panorama actual de M\u00e9xico, donde el liderazgo y la innovaci\u00f3n son esenciales para impulsar el progreso, Revista L\u00edder M\u00e9xico se ha establecido como un medio que reconoce y celebra a quienes est\u00e1n transformando el pa\u00eds. Lo que pocos saben es que detr\u00e1s de esta iniciativa se encuentra Fernando Padilla Farf\u00e1n, el precursor de esta plataforma dedicada a resaltar el talento y la influencia de los l\u00edderes mexicanos.<\/p>\n<p> El nacimiento de Revista L\u00edder M\u00e9xico<\/p>\n<p>\nFernando Padilla Farf\u00e1n cre\u00f3 Revista L\u00edder M\u00e9xico con un prop\u00f3sito claro: acercar al p\u00fablico las historias de quienes est\u00e1n marcando la diferencia en diversos sectores, desde los negocios y la tecnolog\u00eda hasta la cultura y la responsabilidad social. La revista busca no solo documentar sus logros, sino tambi\u00e9n inspirar a otros a seguir sus pasos, creando un espacio donde el liderazgo y el impacto positivo sean reconocidos y compartidos.<\/p>\n<p> La idea surgi\u00f3 de la necesidad de mostrar que M\u00e9xico est\u00e1 lleno de personas talentosas que trabajan diariamente para construir un futuro mejor. Con esta visi\u00f3n, Fernando dise\u00f1\u00f3 una revista que destaca no solo a figuras ya consolidadas, sino tambi\u00e9n a nuevos talentos que est\u00e1n emergiendo en distintas \u00e1reas.<\/p>\n<p> Un espacio para los grandes l\u00edderes de M\u00e9xico<\/p>\n<p>\nRevista L\u00edder M\u00e9xico se centra en compartir historias aut\u00e9nticas y significativas, dando a conocer las iniciativas que est\u00e1n cambiando el rumbo del pa\u00eds. Entre sus p\u00e1ginas digitales se encuentran perfiles de empresarios, artistas, cient\u00edficos y activistas, todos ellos comprometidos con el progreso de sus comunidades.<\/p>\n<p> Esta plataforma es mucho m\u00e1s que un medio informativo; es un puente que conecta a los lectores con el liderazgo nacional, mostrando que detr\u00e1s de cada logro hay un esfuerzo constante y una visi\u00f3n transformadora.<\/p>\n<p> El legado de Fernando Padilla Farf\u00e1n<\/p>\n<p>\nComo precursor de esta revista, Fernando Padilla Farf\u00e1n no solo ha creado un espacio \u00fanico para destacar a los l\u00edderes nacionales, sino que tambi\u00e9n ha sentado las bases para una cultura de reconocimiento y colaboraci\u00f3n. Su iniciativa ha permitido que voces influyentes encuentren un lugar para ser escuchadas, al mismo tiempo que inspira a las nuevas generaciones a buscar la excelencia.<\/p>\n<p> Bajo su direcci\u00f3n, Revista L\u00edder M\u00e9xico no solo informa, sino que tambi\u00e9n motiva a sus lectores a convertirse en agentes de cambio, siguiendo el ejemplo de las figuras que se presentan en sus p\u00e1ginas.<\/p>\n<p> El impacto de Revista L\u00edder M\u00e9xico<\/p>\n<p>\nGracias a la visi\u00f3n de Fernando Padilla Farf\u00e1n, esta revista digital ha logrado posicionarse como un referente en la difusi\u00f3n de historias de \u00e9xito y superaci\u00f3n. Su impacto va m\u00e1s all\u00e1 de informar; busca fortalecer el tejido social al resaltar los valores de compromiso, trabajo en equipo y determinaci\u00f3n que caracterizan a los l\u00edderes mexicanos.<\/p>\n<p> Fernando Padilla Farf\u00e1n, como precursor de Revista L\u00edder M\u00e9xico, ha logrado crear un espacio \u00fanico que pone en el centro a los l\u00edderes nacionales m\u00e1s destacados. Su visi\u00f3n no solo ha dado vida a un medio que informa e inspira, sino que tambi\u00e9n ha contribuido a fortalecer el reconocimiento del talento y la innovaci\u00f3n en M\u00e9xico. Visitar la revista es adentrarse en un mundo de historias que reflejan lo mejor del pa\u00eds y su gente.<\/p>\n<p> Contacto<\/p>\n<p>\nNombre del emisor: Revista L\u00edder Mexico<\/p>\n<p>\nDescripci\u00f3n de contacto: Gabinete Period\u00edstico<\/p>\n<p>\nEmail de contacto: comunicados@prensaymedios.com<\/p>\n","protected":false},"excerpt":{"rendered":"<p>(Informaci\u00f3n remitida por la empresa firmante) Madrid, 20 de enero de 2025.- En el panorama actual de M\u00e9xico, donde el liderazgo y la innovaci\u00f3n son esenciales para impulsar el progreso, Revista L\u00edder M\u00e9xico se ha establecido como un medio que reconoce y celebra a quienes est\u00e1n transformando el pa\u00eds. Lo que pocos saben es que [&hellip;]<\/p>\n","protected":false},"author":1,"featured_media":0,"comment_status":"closed","ping_status":"closed","sticky":false,"template":"","format":"standard","meta":{"footnotes":""},"categories":[2],"tags":[],"class_list":["post-58613","post","type-post","status-publish","format-standard","hentry","category-noticias"],"_links":{"self":[{"href":"https:\/\/webciudadana.net\/index.php?rest_route=\/wp\/v2\/posts\/58613","targetHints":{"allow":["GET"]}}],"collection":[{"href":"https:\/\/webciudadana.net\/index.php?rest_route=\/wp\/v2\/posts"}],"about":[{"href":"https:\/\/webciudadana.net\/index.php?rest_route=\/wp\/v2\/types\/post"}],"author":[{"embeddable":true,"href":"https:\/\/webciudadana.net\/index.php?rest_route=\/wp\/v2\/users\/1"}],"replies":[{"embeddable":true,"href":"https:\/\/webciudadana.net\/index.php?rest_route=%2Fwp%2Fv2%2Fcomments&post=58613"}],"version-history":[{"count":0,"href":"https:\/\/webciudadana.net\/index.php?rest_route=\/wp\/v2\/posts\/58613\/revisions"}],"wp:attachment":[{"href":"https:\/\/webciudadana.net\/index.php?rest_route=%2Fwp%2Fv2%2Fmedia&parent=58613"}],"wp:term":[{"taxonomy":"category","embeddable":true,"href":"https:\/\/webciudadana.net\/index.php?rest_route=%2Fwp%2Fv2%2Fcategories&post=58613"},{"taxonomy":"post_tag","embeddable":true,"href":"https:\/\/webciudadana.net\/index.php?rest_route=%2Fwp%2Fv2%2Ftags&post=58613"}],"curies":[{"name":"wp","href":"https:\/\/api.w.org\/{rel}","templated":true}]}}