{"id":58615,"date":"2025-01-20T17:10:51","date_gmt":"2025-01-20T16:10:51","guid":{"rendered":"https:\/\/ticker-noticiasep.microcontenidos.com\/NoticiaRSS.vbhtml?user=FRND562DLP&amp;cod=20250120171051"},"modified":"2025-01-20T17:10:51","modified_gmt":"2025-01-20T16:10:51","slug":"social-energy-crece-un-15-en-2024-frente-a-la-desaceleracion-del-sector-fotovoltaico","status":"publish","type":"post","link":"https:\/\/webciudadana.net\/?p=58615","title":{"rendered":"Social Energy* crece un 15% en 2024 frente a la desaceleraci\u00f3n del sector fotovoltaico"},"content":{"rendered":"\n<div><img decoding=\"async\" src=\"https:\/\/img.europapress.es\/fotoweb\/fotonoticia_20250120171051_300.jpg\" class=\"ff-og-image-inserted\"><\/div>\n<p>(Informaci\u00f3n remitida por la empresa firmante)<\/p>\n<p>\nMadrid, 20 de enero de 2025.- Social Energy* celebra su convenci\u00f3n anual donde anuncia la consolidaci\u00f3n y liderazgo en el sector fotovoltaico y establece junto a sus socios estrat\u00e9gicos una hoja de ruta ambiciosa para 2025, llena de innovaci\u00f3n, sostenibilidad y nuevos desaf\u00edos<\/p>\n<p>\nPor cuarto a\u00f1o consecutivo, Social Energy*, l\u00edder en el sector de la energ\u00eda fotovoltaica, organiza su Gran Convenci\u00f3n Anual en el emblem\u00e1tico hotel NH Collection Sevilla. Este evento ha reunido a 300 asistentes, entre los que se encuentran todos los empleados de la compa\u00f1\u00eda y proveedores de primer nivel, como Sigenergy, SunPower y Enphase, as\u00ed como importantes entidades financieras como BBVA, Santander, Bankinter e Ibercaja. La jornada tambi\u00e9n ha contado con la presencia destacada de D. Jorge Manrique de Lara Jim\u00e9nez, Presidente del Compliance del Grupo Social Energy*.<\/p>\n<p> La convenci\u00f3n ha sido una oportunidad para hacer un balance del desafiante 2024 y establecer los objetivos estrat\u00e9gicos para 2025. A pesar de las dificultades, Social Energy* ha continuado consolid\u00e1ndose como la empresa l\u00edder en el mercado fotovoltaico, creciendo un 15% frente a 2023 y*alcanzando hitos hist\u00f3ricos como superar las 10.000 instalaciones realizadas. Este logro subraya el compromiso de la compa\u00f1\u00eda con la sostenibilidad y la innovaci\u00f3n, atributos que le han valido el reconocimiento de la Uni\u00f3n Europea de Empresas Fotovoltaicas (UEDP) como la mejor empresa instaladora*de Espa\u00f1a.<\/p>\n<p> Juan Luis Cabeza, CEO de Social Energy*, declar\u00f3: \u00abEl 2024 nos ha puesto a prueba como empresa, pero gracias al esfuerzo de nuestro equipo y el apoyo de nuestros socios estrat\u00e9gicos, hemos conseguido superar los desaf\u00edos y seguir liderando el sector. En 2025, estamos m\u00e1s comprometidos que nunca con llevar energ\u00eda renovable de calidad a cada vez m\u00e1s hogares y empresas, generando un impacto positivo social, medioambiental y econ\u00f3mico en nuestra comunidad. Estamos orgullosos como compa\u00f1\u00eda de generar m\u00e1s de 300 puestos de trabajo en todo el territorio nacional y formar en 2024 a m\u00e1s de 200 personas menores de 25 a\u00f1os, colectivo con grandes dificultades en la inserci\u00f3n laboral, adem\u00e1s de minimizar los efectos del cambio clim\u00e1tico evitando liberar 61.828 toneladas de CO2 sustituible con carb\u00f3n\u00bb.<\/p>\n<p> Por su parte, Javier Moreno, representante de Sigenergy, uno de los principales proveedores de Social Energy*, coment\u00f3: \u00abColaborar con Social Energy* es un orgullo para nosotros. Compartimos los mismos valores de calidad e innovaci\u00f3n, y juntos hemos conseguido ofrecer soluciones energ\u00e9ticas de \u00faltima generaci\u00f3n. Estamos seguros de que este 2025 ser\u00e1 un a\u00f1o lleno de \u00e9xitos compartidos\u00bb.<\/p>\n<p> D. Jorge Manrique de Lara Jim\u00e9nez, Presidente del Compliance del Grupo Social Energy*, se\u00f1al\u00f3: \u00abEs un privilegio formar parte de una compa\u00f1\u00eda que no solo lidera el sector, sino que tambi\u00e9n marca la diferencia en sostenibilidad e innovaci\u00f3n. Este evento refuerza nuestra visi\u00f3n com\u00fan y la confianza de nuestros colaboradores y clientes\u00bb.*<\/p>\n<p>\nDurante el evento, los principales proveedores de Social Energy* ofrecieron ponencias sobre tendencias y tecnolog\u00edas emergentes en energ\u00eda solar, reafirmando el compromiso de trabajar junto a las mejores marcas para garantizar productos y servicios de excelencia. El cierre de la convenci\u00f3n estuvo a cargo del reconocido conferenciante Mago More, cuya charla cautiv\u00f3 a cada uno de los asistentes, inspir\u00e1ndolos con su visi\u00f3n sobre liderazgo y superaci\u00f3n.<\/p>\n<p> La cita anual de la Andaluza*Social Energy**se ha convertido en el pistoletazo de salida del sector fotovoltaico marcando las tendencias de los fabricantes para 2025. La compa\u00f1\u00eda*no solo celebra sus \u00e9xitos pasados, sino que tambi\u00e9n refuerza su compromiso con un futuro lleno de retos y oportunidades, reafirmando su posici\u00f3n como la mejor compa\u00f1\u00eda del mercado en energ\u00eda fotovoltaica*en nuestro Pa\u00eds. Este 2025, unir\u00e1*todas las piezas para hacer historia*y conectar con el planeta.<\/p>\n<p> &#8216;La Revoluci\u00f3n Solar es Social Energy*&#8217;.<\/p>\n<p> Contacto<\/p>\n<p>\nNombre contacto: Social Energy*<\/p>\n<p>\nDescripci\u00f3n contacto: Social Energy*<\/p>\n<p>\nTel\u00e9fono de contacto: 955441111<\/p>\n","protected":false},"excerpt":{"rendered":"<p>(Informaci\u00f3n remitida por la empresa firmante) Madrid, 20 de enero de 2025.- Social Energy* celebra su convenci\u00f3n anual donde anuncia la consolidaci\u00f3n y liderazgo en el sector fotovoltaico y establece junto a sus socios estrat\u00e9gicos una hoja de ruta ambiciosa para 2025, llena de innovaci\u00f3n, sostenibilidad y nuevos desaf\u00edos Por cuarto a\u00f1o consecutivo, Social Energy*, [&hellip;]<\/p>\n","protected":false},"author":1,"featured_media":0,"comment_status":"closed","ping_status":"closed","sticky":false,"template":"","format":"standard","meta":{"footnotes":""},"categories":[2],"tags":[],"class_list":["post-58615","post","type-post","status-publish","format-standard","hentry","category-noticias"],"_links":{"self":[{"href":"https:\/\/webciudadana.net\/index.php?rest_route=\/wp\/v2\/posts\/58615","targetHints":{"allow":["GET"]}}],"collection":[{"href":"https:\/\/webciudadana.net\/index.php?rest_route=\/wp\/v2\/posts"}],"about":[{"href":"https:\/\/webciudadana.net\/index.php?rest_route=\/wp\/v2\/types\/post"}],"author":[{"embeddable":true,"href":"https:\/\/webciudadana.net\/index.php?rest_route=\/wp\/v2\/users\/1"}],"replies":[{"embeddable":true,"href":"https:\/\/webciudadana.net\/index.php?rest_route=%2Fwp%2Fv2%2Fcomments&post=58615"}],"version-history":[{"count":0,"href":"https:\/\/webciudadana.net\/index.php?rest_route=\/wp\/v2\/posts\/58615\/revisions"}],"wp:attachment":[{"href":"https:\/\/webciudadana.net\/index.php?rest_route=%2Fwp%2Fv2%2Fmedia&parent=58615"}],"wp:term":[{"taxonomy":"category","embeddable":true,"href":"https:\/\/webciudadana.net\/index.php?rest_route=%2Fwp%2Fv2%2Fcategories&post=58615"},{"taxonomy":"post_tag","embeddable":true,"href":"https:\/\/webciudadana.net\/index.php?rest_route=%2Fwp%2Fv2%2Ftags&post=58615"}],"curies":[{"name":"wp","href":"https:\/\/api.w.org\/{rel}","templated":true}]}}