{"id":58659,"date":"2025-01-21T16:36:52","date_gmt":"2025-01-21T15:36:52","guid":{"rendered":"https:\/\/ticker-noticiasep.microcontenidos.com\/NoticiaRSS.vbhtml?user=FRND562DLP&amp;cod=20250121163652"},"modified":"2025-01-21T16:36:52","modified_gmt":"2025-01-21T15:36:52","slug":"record-go-mobility-consolida-su-presencia-en-espana-con-la-inauguracion-de-una-nueva-delegacion-en-madrid","status":"publish","type":"post","link":"https:\/\/webciudadana.net\/?p=58659","title":{"rendered":"Record go Mobility consolida su presencia en Espa\u00f1a con la inauguraci\u00f3n de una nueva delegaci\u00f3n en Madrid"},"content":{"rendered":"\n<div><img decoding=\"async\" src=\"https:\/\/img.europapress.es\/fotoweb\/fotonoticia_20250121163652_300.jpg\" class=\"ff-og-image-inserted\"><\/div>\n<p>(Informaci\u00f3n remitida por la empresa firmante)<\/p>\n<p>\nUbicada a escasos minutos del Aeropuerto de Madrid-Barajas, Record go inaugura una nueva oficina en el Parque Empresarial Las Mercedes, afianzando as\u00ed su presencia en la capital de Espa\u00f1a<\/p>\n<p>\nMadrid, 21 de enero de 2025.- Record go Mobility, empresa proveedora de soluciones de movilidad y alquiler de veh\u00edculos, contin\u00faa su expansi\u00f3n en el mercado espa\u00f1ol con la inauguraci\u00f3n de su nueva delegaci\u00f3n en Madrid. Esta delegaci\u00f3n consolida la presencia de la compa\u00f1\u00eda en la capital espa\u00f1ola y supone un paso m\u00e1s en su plan de crecimiento dentro del territorio nacional.*<\/p>\n<p>\nUbicaci\u00f3n estrat\u00e9gica para un servicio \u00f3ptimo**<\/p>\n<p>\nLa nueva delegaci\u00f3n se encuentra ubicada en el Parque Empresarial Las Mercedes, a cinco minutos del aeropuerto y bien conectada con las principales arterias de la ciudad. Esta posici\u00f3n privilegiada la convierte en un punto ideal tanto para viajeros de negocios como para turistas que buscan desplazarse por Madrid y sus alrededores con total libertad.*<\/p>\n<p>\nApuesta por la innovaci\u00f3n y el servicio de calidad*<\/p>\n<p>\nCon esta nueva apertura, la entidad reitera su compromiso con la innovaci\u00f3n y el servicio de calidad en el sector del alquiler de veh\u00edculos. Las instalaciones han sido dise\u00f1adas para ofrecer la m\u00e1xima comodidad y eficiencia durante el proceso de recogida y devoluci\u00f3n de los veh\u00edculos. La delegaci\u00f3n dispone de siete mostradores dedicados a la atenci\u00f3n personalizada de los clientes, as\u00ed como de una amplia zona de espera que garantiza el m\u00e1ximo confort. Adem\u00e1s, incorpora la innovadora \u00e1rea Just Go Box, que optimiza los tr\u00e1mites de alquiler, reduce los tiempos de espera y proporciona a los clientes una experiencia m\u00e1s \u00e1gil y fluida.*<\/p>\n<p>\nRecord go Mobility*<\/p>\n<p>\nEsta apertura es parte de la estrategia de expansi\u00f3n de Record go, que sigue apostando por mejorar su red de delegaciones en Espa\u00f1a y ofrecer soluciones de movilidad adaptadas a las necesidades cambiantes de sus clientes. La nueva oficina en el Parque Empresarial Las Mercedes representa un paso m\u00e1s en el crecimiento de la compa\u00f1\u00eda, consolidando su presencia en la capital y reforzando su posici\u00f3n como referente en el sector del alquiler de veh\u00edculos.**<\/p>\n<p>\nA partir de ahora, quienes visiten Madrid tendr\u00e1n la oportunidad de disfrutar de las m\u00faltiples ventajas que brinda la movilidad en un veh\u00edculo propio. Esto les permitir\u00e1 acceder a la ciudad y sus alrededores con total autonom\u00eda y flexibilidad.<\/p>\n<p> Contacto<\/p>\n<p>\nNombre contacto: Record go Mobility<\/p>\n<p>\nDescripci\u00f3n contacto: Record go Mobility<\/p>\n<p>\nTel\u00e9fono de contacto: 936 192 468<\/p>\n","protected":false},"excerpt":{"rendered":"<p>(Informaci\u00f3n remitida por la empresa firmante) Ubicada a escasos minutos del Aeropuerto de Madrid-Barajas, Record go inaugura una nueva oficina en el Parque Empresarial Las Mercedes, afianzando as\u00ed su presencia en la capital de Espa\u00f1a Madrid, 21 de enero de 2025.- Record go Mobility, empresa proveedora de soluciones de movilidad y alquiler de veh\u00edculos, contin\u00faa [&hellip;]<\/p>\n","protected":false},"author":1,"featured_media":0,"comment_status":"closed","ping_status":"closed","sticky":false,"template":"","format":"standard","meta":{"footnotes":""},"categories":[2],"tags":[],"class_list":["post-58659","post","type-post","status-publish","format-standard","hentry","category-noticias"],"_links":{"self":[{"href":"https:\/\/webciudadana.net\/index.php?rest_route=\/wp\/v2\/posts\/58659","targetHints":{"allow":["GET"]}}],"collection":[{"href":"https:\/\/webciudadana.net\/index.php?rest_route=\/wp\/v2\/posts"}],"about":[{"href":"https:\/\/webciudadana.net\/index.php?rest_route=\/wp\/v2\/types\/post"}],"author":[{"embeddable":true,"href":"https:\/\/webciudadana.net\/index.php?rest_route=\/wp\/v2\/users\/1"}],"replies":[{"embeddable":true,"href":"https:\/\/webciudadana.net\/index.php?rest_route=%2Fwp%2Fv2%2Fcomments&post=58659"}],"version-history":[{"count":0,"href":"https:\/\/webciudadana.net\/index.php?rest_route=\/wp\/v2\/posts\/58659\/revisions"}],"wp:attachment":[{"href":"https:\/\/webciudadana.net\/index.php?rest_route=%2Fwp%2Fv2%2Fmedia&parent=58659"}],"wp:term":[{"taxonomy":"category","embeddable":true,"href":"https:\/\/webciudadana.net\/index.php?rest_route=%2Fwp%2Fv2%2Fcategories&post=58659"},{"taxonomy":"post_tag","embeddable":true,"href":"https:\/\/webciudadana.net\/index.php?rest_route=%2Fwp%2Fv2%2Ftags&post=58659"}],"curies":[{"name":"wp","href":"https:\/\/api.w.org\/{rel}","templated":true}]}}