{"id":58667,"date":"2025-01-22T09:37:50","date_gmt":"2025-01-22T08:37:50","guid":{"rendered":"https:\/\/ticker-noticiasep.microcontenidos.com\/NoticiaRSS.vbhtml?user=FRND562DLP&amp;cod=20250122093750"},"modified":"2025-01-22T09:37:50","modified_gmt":"2025-01-22T08:37:50","slug":"torremolinos-rescata-su-espiritu-visionario-en-la-presentacion-de-su-nueva-estrategia-turistica","status":"publish","type":"post","link":"https:\/\/webciudadana.net\/?p=58667","title":{"rendered":"Torremolinos rescata su esp\u00edritu visionario en la presentaci\u00f3n de su nueva estrategia tur\u00edstica"},"content":{"rendered":"\n<div><img decoding=\"async\" src=\"https:\/\/img.europapress.es\/fotoweb\/fotonoticia_20250122093750_300.jpg\" class=\"ff-og-image-inserted\"><\/div>\n<p>(Informaci\u00f3n remitida por la empresa firmante)<\/p>\n<p>\nLa localidad da a conocer su nuevo lema en un acto celebrado en la Casa de Am\u00e9rica de Madrid, en un evento presentado por Xenon Spain, en la previa de la Feria Internacional del Turismo 2025. La alcaldesa de la ciudad subraya que \u00abcon esta propuesta lo que proponemos es retomar ese esp\u00edritu visionario e incorporarlo a la nueva estrategia tur\u00edstica, para que volvamos a ser pioneros y vanguardistas y que el modelo de Torremolinos, como ocurri\u00f3 hace seis d\u00e9cadas, vuelva ahora a marcar el camino\u00bb<\/p>\n<p>\nMadrid, 22 de enero de 2025.- Torremolinos ha presentado hoy en la Casa de Am\u00e9rica de Madrid su nueva estrategia tur\u00edstica en un acto desarrollado en la previa de la Feria Internacional del Turismo (FITUR) que arranca este pr\u00f3ximo mi\u00e9rcoles 22 de enero en la capital de Espa\u00f1a. El municipio rescata su esp\u00edritu visionario para hacer frente a los nuevos retos de la industria del turismo en la presentaci\u00f3n de su nuevo lema `Visionarios del turismo*.<\/p>\n<p> La alcaldesa de la ciudad, Margarita del Cid, ha explicado que \u00abcuando hablamos de un esp\u00edritu visionario, hacemos referencia a esa caracter\u00edstica especial que hizo que un peque\u00f1o pueblo del litoral malague\u00f1o, ligado esencialmente a la pesca y a los molinos, se haya convertido en un referente internacional que este a\u00f1o ha vuelto a batir r\u00e9cord de pernoctaciones, por encima de los 5,5 millones; y tambi\u00e9n se haya vuelto a superar ampliamente el l\u00edmite del mill\u00f3n de visitantes. Estamos cerca de los 1,2 millones de personas que han visitado Torremolinos durante 2024. Pero el lema tiene dos partes, el reconocer esa trayectoria, lo que nos ha tra\u00eddo hasta aqu\u00ed; pero sobre todo poner en valor que ese esp\u00edritu visionario vuelve a formar parte de nuestra estrategia tur\u00edstica\u00bb.<\/p>\n<p> \u00abEso s\u00ed, haciendo frente a los retos de ahora: sostenibilidad, regeneraci\u00f3n urbana, revoluci\u00f3n est\u00e9tica, cultural y social. Todo junto est\u00e1 dando un resultado envidiable: una ciudad vibrante, inquieta, diversa, atractiva los 365 d\u00edas del a\u00f1o\u00bb, ha resaltado la regidora en un acto que ha albergado tambi\u00e9n la grabaci\u00f3n de un podcast a cargo de Carlos Gal\u00e1n y Subterfuge.<\/p>\n<p> En su intervenci\u00f3n, la alcaldesa de Torremolinos, Margarita del Cid, ha puesto de relieve el potencial cultural que atesora el municipio \u00abque cuenta con un discurso propio, una vida cultural influenciada por una comunidad diversa, la misma que convierte a nuestra ciudad en un prisma de color\u00bb, ha indicado Del Cid, que ha recordado \u00abel v\u00ednculo de Torremolinos con la Generaci\u00f3n del 27, con un mensaje universal y el hecho de que el municipio sea sede de la revista Litoral\u00bb.<\/p>\n<p> La alcaldesa ha destacado algunos de los eventos culturales que se desarrollan en la ciudad a lo largo del a\u00f1o y que componen una agenda diferente, con hitos extraordinarios. As\u00ed, Del Cid ha hecho referencia al Pride, consolidado ya como uno de los principales del Sur de Europa o a Torremolinos Cinema, que es, por un lado, secci\u00f3n fija del Festival de Cine de M\u00e1laga; y un certamen cinematogr\u00e1fico que este a\u00f1o se al\u00eda con Estaci\u00f3n Podcast, con ese esp\u00edritu rompedor, disruptivo, de hacer cosas diferentes.<\/p>\n<p> Adem\u00e1s, Del Cid ha resaltado otras citas destacadas que se celebran en la ciudad a lo largo del a\u00f1o como Torremolinos y Gigantes, el podcast Secador Qu\u00e9 Calor, el Summer Jazz, el Rockin Race Jamboree o el Canela Party.<\/p>\n<p> La regidora ha hecho referencia tambi\u00e9n al Centro Cultural Pablo Ruiz Picasso, \u00abun espacio al que queremos darle una nueva dimensi\u00f3n, con muchas m\u00e1s actividades y eventos y en ello estamos trabajando\u00bb, ha explicado.<\/p>\n<p> Del Cid ha recordado que \u00abel Origen del Para\u00edso se encuentra en un punto de inflexi\u00f3n en el que, siendo referentes internacionales en materia de turismo, queremos abanderar los retos a los que se enfrenta esta importante industria. Porque lejos de discursos f\u00e1ciles y sin sustancia que alimentan la turismofobia, hay toda una identidad, una forma de ser y estar, y un tejido muy amplio que vive en torno a esta actividad. Y no me refiero solo a un sustento econ\u00f3mico, sino a algo mucho m\u00e1s trascendental\u00bb.<\/p>\n<p> La alcaldesa ha explicado que \u00abTorremolinos no se deja arrastrar por esos discursos vac\u00edos y lo que propone es retomar ese esp\u00edritu visionario e incorporarlo a su estrategia tur\u00edstica para que volvamos a ser pioneros y vanguardistas y que el modelo tur\u00edstico de Torremolinos, como ocurri\u00f3 hace seis d\u00e9cadas, vuelva ahora a marcar el camino. Y lo haga demostrando que la sostenibilidad, la eficiencia energ\u00e9tica, el equilibrio social; todo ello es, no solo es posible de la mano de nuestro modelo, sino que nuestro modelo, sustentado en el turismo, es el mejor aliado\u00bb.<\/p>\n<p> Contacto<\/p>\n<p>\nNombre contacto: Piazza Comunicaci\u00f3n<\/p>\n<p>\nDescripci\u00f3n contacto: Piazza Comunicaci\u00f3n<\/p>\n<p>\nTel\u00e9fono de contacto: 917816016<\/p>\n","protected":false},"excerpt":{"rendered":"<p>(Informaci\u00f3n remitida por la empresa firmante) La localidad da a conocer su nuevo lema en un acto celebrado en la Casa de Am\u00e9rica de Madrid, en un evento presentado por Xenon Spain, en la previa de la Feria Internacional del Turismo 2025. La alcaldesa de la ciudad subraya que \u00abcon esta propuesta lo que proponemos [&hellip;]<\/p>\n","protected":false},"author":1,"featured_media":0,"comment_status":"closed","ping_status":"closed","sticky":false,"template":"","format":"standard","meta":{"footnotes":""},"categories":[2],"tags":[],"class_list":["post-58667","post","type-post","status-publish","format-standard","hentry","category-noticias"],"_links":{"self":[{"href":"https:\/\/webciudadana.net\/index.php?rest_route=\/wp\/v2\/posts\/58667","targetHints":{"allow":["GET"]}}],"collection":[{"href":"https:\/\/webciudadana.net\/index.php?rest_route=\/wp\/v2\/posts"}],"about":[{"href":"https:\/\/webciudadana.net\/index.php?rest_route=\/wp\/v2\/types\/post"}],"author":[{"embeddable":true,"href":"https:\/\/webciudadana.net\/index.php?rest_route=\/wp\/v2\/users\/1"}],"replies":[{"embeddable":true,"href":"https:\/\/webciudadana.net\/index.php?rest_route=%2Fwp%2Fv2%2Fcomments&post=58667"}],"version-history":[{"count":0,"href":"https:\/\/webciudadana.net\/index.php?rest_route=\/wp\/v2\/posts\/58667\/revisions"}],"wp:attachment":[{"href":"https:\/\/webciudadana.net\/index.php?rest_route=%2Fwp%2Fv2%2Fmedia&parent=58667"}],"wp:term":[{"taxonomy":"category","embeddable":true,"href":"https:\/\/webciudadana.net\/index.php?rest_route=%2Fwp%2Fv2%2Fcategories&post=58667"},{"taxonomy":"post_tag","embeddable":true,"href":"https:\/\/webciudadana.net\/index.php?rest_route=%2Fwp%2Fv2%2Ftags&post=58667"}],"curies":[{"name":"wp","href":"https:\/\/api.w.org\/{rel}","templated":true}]}}