{"id":58674,"date":"2025-01-22T11:12:28","date_gmt":"2025-01-22T10:12:28","guid":{"rendered":"https:\/\/ticker-noticiasep.microcontenidos.com\/NoticiaRSS.vbhtml?user=FRND562DLP&amp;cod=20250122111228"},"modified":"2025-01-22T11:12:28","modified_gmt":"2025-01-22T10:12:28","slug":"natur-system-devuelve-el-esplendor-al-palacio-del-marques-de-alfarras","status":"publish","type":"post","link":"https:\/\/webciudadana.net\/?p=58674","title":{"rendered":"Natur System devuelve el esplendor al Palacio del Marqu\u00e9s de Alfarr\u00e0s"},"content":{"rendered":"\n<div><img decoding=\"async\" src=\"https:\/\/img.europapress.es\/fotoweb\/fotonoticia_20250122111228_300.jpg\" class=\"ff-og-image-inserted\"><\/div>\n<p>(Informaci\u00f3n remitida por la empresa firmante)<\/p>\n<p>\nNatur System ha completado con \u00e9xito las obras de rehabilitaci\u00f3n del Palacio del Marqu\u00e9s de Alfarr\u00e0s, situado en el Laberinto de Horta. Esta intervenci\u00f3n, considerada urgente debido al grave deterioro de la estructura, ha permitido garantizar la conservaci\u00f3n de uno de los edificios m\u00e1s emblem\u00e1ticos de la ciudad<\/p>\n<p>\nEspa\u00f1a, 22 de enero de 2025.- Natur System ha completado con \u00e9xito las obras de rehabilitaci\u00f3n del Palacio del Marqu\u00e9s de Alfarr\u00e0s, situado en el Laberinto de Horta. Esta intervenci\u00f3n, considerada urgente debido al grave deterioro de la estructura, ha permitido garantizar la conservaci\u00f3n de uno de los edificios m\u00e1s emblem\u00e1ticos de la ciudad.<\/p>\n<p> Los trabajos comenzaron con la consolidaci\u00f3n estructural para eliminar el riesgo de derrumbe. Posteriormente, se rehabilitaron las fachadas, mejorando el revestimiento y la impermeabilizaci\u00f3n. Tambi\u00e9n se renovaron las instalaciones b\u00e1sicas, como la electricidad, los desag\u00fces y los pararrayos, asegurando su mantenimiento futuro y preparando el espacio para nuevos usos.<\/p>\n<p> El Palacio del Marqu\u00e9s de Alfarr\u00e0s, conocido tambi\u00e9n como Palacio Desvalls o Can Llupi\u00e0, est\u00e1 catalogado como bien cultural de inter\u00e9s nacional. Este conjunto arquitect\u00f3nico incluye la Torre Sobirana, una estructura anexa del siglo XI, as\u00ed como otras ampliaciones realizadas durante el siglo XII. Entre 1791 y 1794, Joan Antoni Desvalls i d&#8217;Ardena, marqu\u00e9s de Llupi\u00e0 y del Poal, y marqu\u00e9s consorte de Alfarr\u00e0s, transform\u00f3 la antigua torre y cre\u00f3 los ic\u00f3nicos jardines del Laberinto de Horta.<\/p>\n<p> Con esta nueva intervenci\u00f3n a cargo de Natur System, el Palacio del Marqu\u00e9s de Alfarr\u00e0s recupera su esplendor original, prepar\u00e1ndose para nuevos usos que potenciar\u00e1n su valor hist\u00f3rico, arquitect\u00f3nico y cultural. La empresa ha trabajado con especial atenci\u00f3n para respetar el patrimonio y garantizar la durabilidad de las reformas.<\/p>\n<p> Este proyecto no solo asegura la preservaci\u00f3n de un tesoro arquitect\u00f3nico de Barcelona, sino que tambi\u00e9n refuerza el compromiso de Natur System con la rehabilitaci\u00f3n sostenible y el respeto por el patrimonio hist\u00f3rico. El Palacio y sus jardines seguir\u00e1n siendo un punto de referencia para ciudadanos y visitantes, ofreciendo una experiencia \u00fanica que combina historia, cultura y naturaleza.<\/p>\n<p> Contacto<\/p>\n<p>\nNombre contacto: Natur System<\/p>\n<p>\nDescripci\u00f3n contacto: Natur System<\/p>\n<p>\nTel\u00e9fono de contacto: +34 93 253 01 50<\/p>\n","protected":false},"excerpt":{"rendered":"<p>(Informaci\u00f3n remitida por la empresa firmante) Natur System ha completado con \u00e9xito las obras de rehabilitaci\u00f3n del Palacio del Marqu\u00e9s de Alfarr\u00e0s, situado en el Laberinto de Horta. Esta intervenci\u00f3n, considerada urgente debido al grave deterioro de la estructura, ha permitido garantizar la conservaci\u00f3n de uno de los edificios m\u00e1s emblem\u00e1ticos de la ciudad Espa\u00f1a, [&hellip;]<\/p>\n","protected":false},"author":1,"featured_media":0,"comment_status":"closed","ping_status":"closed","sticky":false,"template":"","format":"standard","meta":{"footnotes":""},"categories":[2],"tags":[],"class_list":["post-58674","post","type-post","status-publish","format-standard","hentry","category-noticias"],"_links":{"self":[{"href":"https:\/\/webciudadana.net\/index.php?rest_route=\/wp\/v2\/posts\/58674","targetHints":{"allow":["GET"]}}],"collection":[{"href":"https:\/\/webciudadana.net\/index.php?rest_route=\/wp\/v2\/posts"}],"about":[{"href":"https:\/\/webciudadana.net\/index.php?rest_route=\/wp\/v2\/types\/post"}],"author":[{"embeddable":true,"href":"https:\/\/webciudadana.net\/index.php?rest_route=\/wp\/v2\/users\/1"}],"replies":[{"embeddable":true,"href":"https:\/\/webciudadana.net\/index.php?rest_route=%2Fwp%2Fv2%2Fcomments&post=58674"}],"version-history":[{"count":0,"href":"https:\/\/webciudadana.net\/index.php?rest_route=\/wp\/v2\/posts\/58674\/revisions"}],"wp:attachment":[{"href":"https:\/\/webciudadana.net\/index.php?rest_route=%2Fwp%2Fv2%2Fmedia&parent=58674"}],"wp:term":[{"taxonomy":"category","embeddable":true,"href":"https:\/\/webciudadana.net\/index.php?rest_route=%2Fwp%2Fv2%2Fcategories&post=58674"},{"taxonomy":"post_tag","embeddable":true,"href":"https:\/\/webciudadana.net\/index.php?rest_route=%2Fwp%2Fv2%2Ftags&post=58674"}],"curies":[{"name":"wp","href":"https:\/\/api.w.org\/{rel}","templated":true}]}}