{"id":58698,"date":"2025-01-22T16:03:23","date_gmt":"2025-01-22T15:03:23","guid":{"rendered":"https:\/\/ticker-noticiasep.microcontenidos.com\/NoticiaRSS.vbhtml?user=FRND562DLP&amp;cod=20250122160323"},"modified":"2025-01-22T16:03:23","modified_gmt":"2025-01-22T15:03:23","slug":"la-importancia-de-la-iluminacion-en-un-proyecto-de-interiorismo","status":"publish","type":"post","link":"https:\/\/webciudadana.net\/?p=58698","title":{"rendered":"La importancia de la iluminaci\u00f3n en un proyecto de interiorismo"},"content":{"rendered":"\n<div><img decoding=\"async\" src=\"https:\/\/img.europapress.es\/fotoweb\/fotonoticia_20250122160323_300.jpg\" class=\"ff-og-image-inserted\"><\/div>\n<p>(Informaci\u00f3n remitida por la empresa firmante)<\/p>\n<p>\nMadrid, 22 de enero de 2025.- La iluminaci\u00f3n se ha consolidado como un elemento esencial en el dise\u00f1o de interiores. M\u00e1s all\u00e1 de su funci\u00f3n pr\u00e1ctica, juega un papel fundamental en la creaci\u00f3n de ambientes y en la percepci\u00f3n est\u00e9tica de los espacios. En un contexto en el que la personalizaci\u00f3n y el detalle son altamente valorados, la correcta integraci\u00f3n de la luz se posiciona como un factor determinante en el \u00e9xito de cualquier proyecto de interiorismo.<\/p>\n<p> La iluminaci\u00f3n como eje del dise\u00f1o de interiores<\/p>\n<p>\nAltelier Studio, reconocido estudio de interiorismo, ha sabido destacar por su enfoque innovador en la utilizaci\u00f3n de la iluminaci\u00f3n como herramienta clave en la transformaci\u00f3n de espacios.<\/p>\n<p> Sus proyectos demuestran c\u00f3mo un dise\u00f1o lum\u00ednico estrat\u00e9gico puede realzar texturas, colores y formas, aportando una nueva dimensi\u00f3n a cada rinc\u00f3n.<\/p>\n<p> \u00abEn Altelier Studio entendemos que la iluminaci\u00f3n no solo debe cumplir con requisitos funcionales, sino tambi\u00e9n emocionales. La luz tiene el poder de transmitir sensaciones, influir en el estado de \u00e1nimo y destacar la esencia de cada espacio\u00bb, explica Alejandro Guzm\u00e1n, CEO y fundador del estudio.<\/p>\n<p> En palabras del equipo, \u00abla iluminaci\u00f3n es como el hilo conductor de una buena historia: une todos los elementos del espacio y los hace brillar\u00bb. En cada proyecto, buscan capturar esa chispa que conecta con las emociones de quienes habitan el lugar.<\/p>\n<p> La luz como narradora de emociones<\/p>\n<p>\nPara el equipo, cada proyecto es una oportunidad de reflejar la personalidad del cliente a trav\u00e9s de la luz.<\/p>\n<p> \u00abNos gusta imaginar c\u00f3mo una luz tenue puede transformar una noche cualquiera en un momento especial o c\u00f3mo un juego de sombras puede dar vida a una pared que antes parec\u00eda plana\u00bb, a\u00f1ade Guzm\u00e1n.<\/p>\n<p> Altelier Studio disfruta particularmente del proceso de escuchar a sus clientes y descubrir c\u00f3mo la iluminaci\u00f3n puede convertirse en un reflejo de sus historias y emociones. Ya sea una l\u00e1mpara que se convierte en el coraz\u00f3n de un sal\u00f3n o un rinc\u00f3n \u00edntimo que cobra vida con una iluminaci\u00f3n puntual, cada detalle cuenta. \u00abNuestro prop\u00f3sito no es solo dise\u00f1ar espacios, sino crear experiencias \u00fanicas, donde la luz sea una extensi\u00f3n de las historias de quienes los habitan\u00bb, comenta Guzm\u00e1n.<\/p>\n<p> La importancia de la iluminaci\u00f3n en el interiorismo<\/p>\n<p>\nLa iluminaci\u00f3n es mucho m\u00e1s que un complemento en el dise\u00f1o de interiores; es una herramienta que define tanto la atm\u00f3sfera como la funcionalidad de un espacio.<\/p>\n<p> Un dise\u00f1o lum\u00ednico bien ejecutado tiene el poder de transformar completamente un entorno, influenciando la percepci\u00f3n visual y emocional de quienes lo experimentan.<\/p>\n<p> La interacci\u00f3n entre luz natural y artificial permite resaltar elementos arquitect\u00f3nicos, destacar detalles decorativos y crear contrastes que a\u00f1aden profundidad y car\u00e1cter a los espacios. Adem\u00e1s, factores como la temperatura de color, la intensidad y la disposici\u00f3n de las fuentes lum\u00ednicas contribuyen a generar sensaciones espec\u00edficas, desde calma y confort hasta energ\u00eda y creatividad. \u00abPara nosotros, la luz tiene un poder transformador \u00fanico\u00bb, afirma Alejandro Guzm\u00e1n.<\/p>\n<p> \u00abNos emociona pensar que una l\u00e1mpara, una sombra o un reflejo pueden convertir un espacio en un lugar donde las personas se sientan realmente conectadas consigo mismas\u00bb.<\/p>\n<p> En el \u00e1mbito residencial, la iluminaci\u00f3n permite personalizar los ambientes, adapt\u00e1ndolos a las necesidades y gustos de cada habitante. Por otro lado, en proyectos comerciales, se convierte en una herramienta estrat\u00e9gica para guiar al cliente, destacar productos y enriquecer la experiencia del usuario.<\/p>\n<p> Innovaci\u00f3n y sostenibilidad en cada proyecto<\/p>\n<p>\nLa sostenibilidad es otro de los pilares fundamentales en los proyectos de Altelier Studio.<\/p>\n<p> La apuesta por tecnolog\u00edas de bajo consumo, como las luminarias LED, no solo reduce el impacto ambiental, sino que tambi\u00e9n garantiza un ahorro significativo en los costes de mantenimiento a largo plazo. \u00abEn Altelier Studio creemos que nuestra responsabilidad como dise\u00f1adores va m\u00e1s all\u00e1 de crear espacios bellos y funcionales. Cada proyecto es una oportunidad para ser agentes de cambio hacia un modelo m\u00e1s sostenible\u00bb, asegura Guzm\u00e1n.<\/p>\n<p> El equipo trabaja con soluciones que no solo minimizan el impacto ambiental, sino que tambi\u00e9n inspiran un estilo de vida m\u00e1s consciente y conectado con el entorno. \u00abNuestra meta es dise\u00f1ar espacios que combinen est\u00e9tica, funcionalidad y sostenibilidad, demostrando que la innovaci\u00f3n puede ir de la mano con el respeto por nuestro planeta\u00bb, concluye Guzm\u00e1n.<\/p>\n<p> Con cada proyecto, Altelier Studio demuestra c\u00f3mo la iluminaci\u00f3n adecuada puede transformar espacios ordinarios en lugares extraordinarios, reafirmando su compromiso con la excelencia en el dise\u00f1o de interiores y con un futuro m\u00e1s sostenible.<\/p>\n<p> Contacto<\/p>\n<p>\nNombre del emisor: ALtelier Studio<\/p>\n<p>\nDescripci\u00f3n de contacto: Gabinete Period\u00edstico<\/p>\n<p>\nEmail de contacto: comunicados@prensaymedios.com<\/p>\n","protected":false},"excerpt":{"rendered":"<p>(Informaci\u00f3n remitida por la empresa firmante) Madrid, 22 de enero de 2025.- La iluminaci\u00f3n se ha consolidado como un elemento esencial en el dise\u00f1o de interiores. M\u00e1s all\u00e1 de su funci\u00f3n pr\u00e1ctica, juega un papel fundamental en la creaci\u00f3n de ambientes y en la percepci\u00f3n est\u00e9tica de los espacios. En un contexto en el que [&hellip;]<\/p>\n","protected":false},"author":1,"featured_media":0,"comment_status":"closed","ping_status":"closed","sticky":false,"template":"","format":"standard","meta":{"footnotes":""},"categories":[2],"tags":[],"class_list":["post-58698","post","type-post","status-publish","format-standard","hentry","category-noticias"],"_links":{"self":[{"href":"https:\/\/webciudadana.net\/index.php?rest_route=\/wp\/v2\/posts\/58698","targetHints":{"allow":["GET"]}}],"collection":[{"href":"https:\/\/webciudadana.net\/index.php?rest_route=\/wp\/v2\/posts"}],"about":[{"href":"https:\/\/webciudadana.net\/index.php?rest_route=\/wp\/v2\/types\/post"}],"author":[{"embeddable":true,"href":"https:\/\/webciudadana.net\/index.php?rest_route=\/wp\/v2\/users\/1"}],"replies":[{"embeddable":true,"href":"https:\/\/webciudadana.net\/index.php?rest_route=%2Fwp%2Fv2%2Fcomments&post=58698"}],"version-history":[{"count":0,"href":"https:\/\/webciudadana.net\/index.php?rest_route=\/wp\/v2\/posts\/58698\/revisions"}],"wp:attachment":[{"href":"https:\/\/webciudadana.net\/index.php?rest_route=%2Fwp%2Fv2%2Fmedia&parent=58698"}],"wp:term":[{"taxonomy":"category","embeddable":true,"href":"https:\/\/webciudadana.net\/index.php?rest_route=%2Fwp%2Fv2%2Fcategories&post=58698"},{"taxonomy":"post_tag","embeddable":true,"href":"https:\/\/webciudadana.net\/index.php?rest_route=%2Fwp%2Fv2%2Ftags&post=58698"}],"curies":[{"name":"wp","href":"https:\/\/api.w.org\/{rel}","templated":true}]}}