{"id":58708,"date":"2025-01-23T09:26:51","date_gmt":"2025-01-23T08:26:51","guid":{"rendered":"https:\/\/ticker-noticiasep.microcontenidos.com\/NoticiaRSS.vbhtml?user=FRND562DLP&amp;cod=20250123092651"},"modified":"2025-01-23T09:26:51","modified_gmt":"2025-01-23T08:26:51","slug":"sociedad-leyendas-de-la-seleccion-espanola-de-futbol-arropan-el-destino-ceuta-en-fitur","status":"publish","type":"post","link":"https:\/\/webciudadana.net\/?p=58708","title":{"rendered":"Sociedad: Leyendas de la Selecci\u00f3n Espa\u00f1ola de F\u00fatbol arropan el destino Ceuta en FITUR"},"content":{"rendered":"\n<div><img decoding=\"async\" src=\"https:\/\/img.europapress.es\/fotoweb\/fotonoticia_20250123092651_300.jpg\" class=\"ff-og-image-inserted\"><\/div>\n<p>(Informaci\u00f3n remitida por la empresa firmante)<\/p>\n<p>\nSalva Ballesta, Jos\u00e9 Emilio Amavisca, Rub\u00e9n de la Red, Sergio Asenjo, Manuel S\u00e1nchez Delgado y Antonio \u00c1lvarez &#8216;Ito&#8217; visitan el stand de la Ciudad Aut\u00f3noma junto a su presidente, Juan Jes\u00fas Vivas, en la jornada inaugural de la Feria Internacional de Turismo. Ballesta anuncia un partido amistoso en la Ciudad Aut\u00f3noma este pr\u00f3ximo verano: enfrentar\u00e1 a las Leyendas de la Selecci\u00f3n con exjugadores de Primera Divisi\u00f3n<\/p>\n<p>\nMadrid, 23 de enero de 2025.- La Ciudad Aut\u00f3noma de Ceuta ha tenido una presencia destacada en la primera jornada en la Feria Internacional de Turismo (FITUR), que se celebra desde hoy hasta el pr\u00f3ximo 26 de enero en el recinto de IFEMA en Madrid. Coordinada por la sociedad Servicios Tur\u00edsticos de Ceuta, la delegaci\u00f3n ceut\u00ed en FITUR est\u00e1 encabezada por su presidente, Juan Jes\u00fas Vivas, junto a autoridades locales, representantes de una docena de empresas tur\u00edsticas y un equipo de profesionales, reafirmando la promoci\u00f3n de Ceuta como destino tur\u00edstico de calidad tanto entre operadores del sector como ante el p\u00fablico general.<\/p>\n<p> Este a\u00f1o, el stand de Ceuta, ubicado en una posici\u00f3n privilegiada en el Pabell\u00f3n 7, gira en torno a la tem\u00e1tica de los mitos y leyendas, simbolizada por la figura de H\u00e9rcules, representado con una imponente r\u00e9plica de casi cuatro metros de altura. En este marco, la visita de las Leyendas de la Selecci\u00f3n Espa\u00f1ola de f\u00fatbol ha reforzado esta narrativa, vinculando los valores de superaci\u00f3n y grandeza de los deportistas con la mitolog\u00eda cl\u00e1sica.<\/p>\n<p> El stand ha recibido la visita de Salva Ballesta, presidente de las Leyendas de la Selecci\u00f3n Espa\u00f1ola, acompa\u00f1ado de figuras emblem\u00e1ticas del f\u00fatbol nacional como Jos\u00e9 Emilio Amavisca, Rub\u00e9n de la Red, Sergio Asenjo, Manuel S\u00e1nchez Delgado y Antonio \u00c1lvarez &#8216;Ito&#8217;. \u00abEs muy interesante que el gobierno de Ceuta cuente con nosotros para unir de alg\u00fan modo la mitolog\u00eda antigua con la actual. Los futbolistas tenemos una responsabilidad con la gente y este proyecto, que permite apoyar la iniciativa tur\u00edstico-deportiva de Ceuta, entra completamente en nuestro ADN\u00bb, ha se\u00f1alado Ballesta.<\/p>\n<p> Ballesta ha anunciado adem\u00e1s que este verano se celebrar\u00e1 en la Ciudad Aut\u00f3noma un partido amistoso entre la Selecci\u00f3n de Leyendas y un equipo compuesto por exjugadores de Primera Divisi\u00f3n. Este evento deportivo supone un impulso adicional para la proyecci\u00f3n ceut\u00ed como destino tur\u00edstico y deportivo.<\/p>\n<p> Una ubicaci\u00f3n estrat\u00e9gica y un dise\u00f1o innovador<\/p>\n<p>\nEl stand de Ceuta, con una superficie de 200,5 m*, destaca por su dise\u00f1o innovador, con un concepto abierto que incorpora grandes arcos simbolizando la \u00abPuerta del Mediterr\u00e1neo\u00bb. Esta herencia mitol\u00f3gica conecta directamente con la narrativa del stand y con la idea de Ceuta como un cruce de culturas y civilizaciones.<\/p>\n<p> El presidente de la Ciudad Aut\u00f3noma ha destacado la importancia del deporte en Ceuta, con pruebas tan significadas como el Desaf\u00edo de los 300, la popular Cuna de la Legi\u00f3n, y la anunciada visita de Leyendas de la Selecci\u00f3n. Actividades que forman parte de un destino tur\u00edstico todav\u00eda muy desconocido, a pesar de sus innumerables encantos, ha explicado. Vivas est\u00e1 participando de manera muy activa en esta primera jornada en FITUR, asistiendo a encuentros institucionales en el stand de Turespa\u00f1a y reafirmando el compromiso de Ceuta con su promoci\u00f3n tur\u00edstica a nivel nacional e internacional.<\/p>\n<p> Contacto<\/p>\n<p>\nNombre contacto: Paco Cepeda<\/p>\n<p>\nDescripci\u00f3n contacto: MD Comunicaci\u00f3n \/ Redacci\u00f3n<\/p>\n<p>\nTel\u00e9fono de contacto: 670434298<\/p>\n","protected":false},"excerpt":{"rendered":"<p>(Informaci\u00f3n remitida por la empresa firmante) Salva Ballesta, Jos\u00e9 Emilio Amavisca, Rub\u00e9n de la Red, Sergio Asenjo, Manuel S\u00e1nchez Delgado y Antonio \u00c1lvarez &#8216;Ito&#8217; visitan el stand de la Ciudad Aut\u00f3noma junto a su presidente, Juan Jes\u00fas Vivas, en la jornada inaugural de la Feria Internacional de Turismo. Ballesta anuncia un partido amistoso en la [&hellip;]<\/p>\n","protected":false},"author":1,"featured_media":0,"comment_status":"closed","ping_status":"closed","sticky":false,"template":"","format":"standard","meta":{"footnotes":""},"categories":[2],"tags":[],"class_list":["post-58708","post","type-post","status-publish","format-standard","hentry","category-noticias"],"_links":{"self":[{"href":"https:\/\/webciudadana.net\/index.php?rest_route=\/wp\/v2\/posts\/58708","targetHints":{"allow":["GET"]}}],"collection":[{"href":"https:\/\/webciudadana.net\/index.php?rest_route=\/wp\/v2\/posts"}],"about":[{"href":"https:\/\/webciudadana.net\/index.php?rest_route=\/wp\/v2\/types\/post"}],"author":[{"embeddable":true,"href":"https:\/\/webciudadana.net\/index.php?rest_route=\/wp\/v2\/users\/1"}],"replies":[{"embeddable":true,"href":"https:\/\/webciudadana.net\/index.php?rest_route=%2Fwp%2Fv2%2Fcomments&post=58708"}],"version-history":[{"count":0,"href":"https:\/\/webciudadana.net\/index.php?rest_route=\/wp\/v2\/posts\/58708\/revisions"}],"wp:attachment":[{"href":"https:\/\/webciudadana.net\/index.php?rest_route=%2Fwp%2Fv2%2Fmedia&parent=58708"}],"wp:term":[{"taxonomy":"category","embeddable":true,"href":"https:\/\/webciudadana.net\/index.php?rest_route=%2Fwp%2Fv2%2Fcategories&post=58708"},{"taxonomy":"post_tag","embeddable":true,"href":"https:\/\/webciudadana.net\/index.php?rest_route=%2Fwp%2Fv2%2Ftags&post=58708"}],"curies":[{"name":"wp","href":"https:\/\/api.w.org\/{rel}","templated":true}]}}