{"id":58717,"date":"2025-01-23T11:34:46","date_gmt":"2025-01-23T10:34:46","guid":{"rendered":"https:\/\/ticker-noticiasep.microcontenidos.com\/NoticiaRSS.vbhtml?user=FRND562DLP&amp;cod=20250123113446"},"modified":"2025-01-23T11:34:46","modified_gmt":"2025-01-23T10:34:46","slug":"sociedad-reconstruir-sin-ladrillos-de-sm-para-apoyar-a-los-centros-educativos-de-valencia","status":"publish","type":"post","link":"https:\/\/webciudadana.net\/?p=58717","title":{"rendered":"Sociedad: Reconstruir sin ladrillos, de SM, para apoyar a los centros educativos de Valencia"},"content":{"rendered":"\n<div><img decoding=\"async\" src=\"https:\/\/img.europapress.es\/fotoweb\/fotonoticia_20250123113446_300.jpg\" class=\"ff-og-image-inserted\"><\/div>\n<p>(Informaci\u00f3n remitida por la empresa firmante)<\/p>\n<p> Este programa, desarrollado con anterioridad junto a la UNESCO en otros pa\u00edses de Iberoam\u00e9rica azotados por desastres naturales, ha llegado a Espa\u00f1a para apoyar en la reconstrucci\u00f3n de los centros escolares afectados por la DANA.<\/p>\n<p> El programa incluye donaci\u00f3n de libros a los colegios, y tambi\u00e9n sesiones de formaci\u00f3n online gratuitas en materias espec\u00edficas que puedan contribuir al bienestar socioemocional y a la gesti\u00f3n educativa de los centros.<\/p>\n<p> Ya se han donado m\u00e1s de 2700 libros a 13 centros educativos de Valencia, y se han llevado a cabo dos webinars gratuitos en los que se inscribieron m\u00e1s de 2000 docentes.<\/p>\n<p> Los delegados de SM se ocupan personalmente de llevar las donaciones de libros a los colegios afectados.<\/p>\n<p> Madrid, 23 de enero de 2025 &#8211; La Fundaci\u00f3n SM, a trav\u00e9s de su proyecto \u00abReconstruir sin ladrillos\u00bb, ha puesto en marcha un programa dirigido a los centros educativos de Valencia, bas\u00e1ndose en el que se ha desarrollado junto a la UNESCO en otros pa\u00edses de Iberoam\u00e9rica, como Chile o M\u00e9xico, cuando se han visto azotados por cat\u00e1strofes naturales.<\/p>\n<p> Este programa se basa en el apoyo a los centros escolares para la reconstrucci\u00f3n de sus bibliotecas a trav\u00e9s de la donaci\u00f3n de libros, pero adem\u00e1s brinda formaci\u00f3n y asesoramiento a los colegios en materias espec\u00edficas, como la atenci\u00f3n socioemocional del alumnado.<\/p>\n<p> As\u00ed, la Fundaci\u00f3n SM, a trav\u00e9s de Grupo SM, ha donado m\u00e1s de 2700 libros a 13 centros educativos afectados en la Comunidad Valenciana. Las donaciones se han agrupado en la Delegaci\u00f3n de SM en Valencia para que los delegados comerciales puedan entregar directamente las cajas de libros a los beneficiarios. *Las donaciones de libros ya han llegado al colegio Escolapios Algemes\u00ed, Ceip Orba de Alfafar, IES 25 de Abril de Alfafar, Colegio La Inmaculada de Paiporta, CEIP Vicente Blasco Ib\u00e1\u00f1ez y al Colegio Mar\u00eda Inmaculada de la localidad de Alfafar, y en breve llegar\u00e1n a muchos otros.<\/p>\n<p> La importancia de la atenci\u00f3n socioemocional<\/p>\n<p> La Fundaci\u00f3n SM ha ofrecido, adem\u00e1s, apoyo y asesoramiento a trav\u00e9s de sesiones online gratuitas en las que se han inscrito*m\u00e1s de 2000 docentes de 29 pa\u00edses de Iberoam\u00e9rica. Las formaciones han abordado temas de gran impacto educativo,*como atenci\u00f3n al duelo en infancia y juventud, educaci\u00f3n en situaciones de emergencia, resiliencia educativa, educar en contextos de crisis o un primer avance de las necesidades del sector educativo y protecci\u00f3n de la infancia tras la DANA.<\/p>\n<p> Para estas sesiones se ha contado con expertos de primer nivel de la UNESCO, UNICEF, Save the Children o la Red Interagencial para la Educaci\u00f3n en Situaciones de Emergencia (INEE). Igualmente*se han facilitado gu\u00edas online y materiales did\u00e1cticos, y continuaremos acompa\u00f1ando a los docentes en el uso de los mismos.<\/p>\n<p> A comienzos del mes de febrero todas estas iniciativas se recopilar\u00e1n en un espacio web, para que todo el que lo desee pueda acceder a los contenidos y solicitar peticiones a trav\u00e9s de formulario, si bien hay un correo para que los centros puedan plantear necesidades y solicitudes. Se ha habilitado tambi\u00e9n un espacio provisional en el que se han recogido las iniciativas desarrolladas hasta el momento.<\/p>\n<p> La Fundaci\u00f3n SM es una instituci\u00f3n educativa sin \u00e1nimo de lucro que trabaja para que, a trav\u00e9s de la educaci\u00f3n y la cultura, ninguna ni\u00f1a ni ning\u00fan ni\u00f1o se quede atr\u00e1s. Orientamos todas nuestras iniciativas a la mejora de la equidad y calidad educativa desde cuatro \u00e1reas de intervenci\u00f3n: Investigaci\u00f3n Educativa, Proyectos Asistenciales Socioeducativos, Capacitaci\u00f3n Docente y Proyectos Educativos de Innovaci\u00f3n Editorial.<\/p>\n<p> Nos avalan m\u00e1s de cuarenta y cinco a\u00f1os de experiencia en el desarrollo de proyectos educativos y culturales en Espa\u00f1a e Iberoam\u00e9rica. La Fundaci\u00f3n SM destina los beneficios derivados de la actividad empresarial de SM a programas que, a trav\u00e9s de la educaci\u00f3n, buscan contribuir a un mundo m\u00e1s inclusivo, justo, pac\u00edfico y sostenible.<\/p>\n<p> Los medios podr\u00e1n hacer entrevistas a los promotores de la iniciativa y tambi\u00e9n a los centros educativos beneficiarios del proyecto<\/p>\n<p> Comunicaci\u00f3n SM Espa\u00f1a<\/p>\n<p> comunicacionsm@grupo-sm.com <\/p>\n<p> Carmen Palomino &#8211; (34) 649 454 680<\/p>\n<p> Ana Mar\u00eda P\u00e9rez &#8211; (34) 600 906 674<\/p>\n<p> Margarita Mart\u00edn &#8211; (34) 689 196 847<\/p>\n","protected":false},"excerpt":{"rendered":"<p>(Informaci\u00f3n remitida por la empresa firmante) Este programa, desarrollado con anterioridad junto a la UNESCO en otros pa\u00edses de Iberoam\u00e9rica azotados por desastres naturales, ha llegado a Espa\u00f1a para apoyar en la reconstrucci\u00f3n de los centros escolares afectados por la DANA. El programa incluye donaci\u00f3n de libros a los colegios, y tambi\u00e9n sesiones de formaci\u00f3n [&hellip;]<\/p>\n","protected":false},"author":1,"featured_media":0,"comment_status":"closed","ping_status":"closed","sticky":false,"template":"","format":"standard","meta":{"footnotes":""},"categories":[2],"tags":[],"class_list":["post-58717","post","type-post","status-publish","format-standard","hentry","category-noticias"],"_links":{"self":[{"href":"https:\/\/webciudadana.net\/index.php?rest_route=\/wp\/v2\/posts\/58717","targetHints":{"allow":["GET"]}}],"collection":[{"href":"https:\/\/webciudadana.net\/index.php?rest_route=\/wp\/v2\/posts"}],"about":[{"href":"https:\/\/webciudadana.net\/index.php?rest_route=\/wp\/v2\/types\/post"}],"author":[{"embeddable":true,"href":"https:\/\/webciudadana.net\/index.php?rest_route=\/wp\/v2\/users\/1"}],"replies":[{"embeddable":true,"href":"https:\/\/webciudadana.net\/index.php?rest_route=%2Fwp%2Fv2%2Fcomments&post=58717"}],"version-history":[{"count":0,"href":"https:\/\/webciudadana.net\/index.php?rest_route=\/wp\/v2\/posts\/58717\/revisions"}],"wp:attachment":[{"href":"https:\/\/webciudadana.net\/index.php?rest_route=%2Fwp%2Fv2%2Fmedia&parent=58717"}],"wp:term":[{"taxonomy":"category","embeddable":true,"href":"https:\/\/webciudadana.net\/index.php?rest_route=%2Fwp%2Fv2%2Fcategories&post=58717"},{"taxonomy":"post_tag","embeddable":true,"href":"https:\/\/webciudadana.net\/index.php?rest_route=%2Fwp%2Fv2%2Ftags&post=58717"}],"curies":[{"name":"wp","href":"https:\/\/api.w.org\/{rel}","templated":true}]}}