{"id":58727,"date":"2025-01-23T15:29:42","date_gmt":"2025-01-23T14:29:42","guid":{"rendered":"https:\/\/ticker-noticiasep.microcontenidos.com\/NoticiaRSS.vbhtml?user=FRND562DLP&amp;cod=20250123152942"},"modified":"2025-01-23T15:29:42","modified_gmt":"2025-01-23T14:29:42","slug":"mundo-en-fitur-metro-de-madrid-se-viste-con-la-belleza-de-colombia-y-cien-anos-de-soledad","status":"publish","type":"post","link":"https:\/\/webciudadana.net\/?p=58727","title":{"rendered":"Mundo: En Fitur, Metro de Madrid se viste con la belleza de Colombia y \u00abCien A\u00f1os de Soledad\u00bb"},"content":{"rendered":"\n<div><img decoding=\"async\" src=\"https:\/\/img.europapress.es\/fotoweb\/fotonoticia_20250123152942_300.jpg\" class=\"ff-og-image-inserted\"><\/div>\n<p>(Informaci\u00f3n remitida por la empresa firmante)<\/p>\n<p>\nLa riqueza literaria y cultural de Colombia transforma el Metro de Madrid con im\u00e1genes inspiradas en Cien A\u00f1os de Soledad. Esta iniciativa, enmarcada en la participaci\u00f3n del pa\u00eds en FITUR 2025, en Madrid, posiciona a Colombia como un destino cultural incomparable.<\/p>\n<p> MADRID, 23 de enero de 2025 \/PRNewswire\/ &#8212; Durante un mes, la magia de Macondo cobrar\u00e1 vida en Madrid. En el marco del estreno de la serie de Netflix basada en Cien A\u00f1os de Soledad, la Marca Pa\u00eds Colombia, a trav\u00e9s de su narrativa \u00abEl Pa\u00eds de la Belleza\u00bb, llevar\u00e1 la riqueza literaria y cultural del pa\u00eds a la L\u00ednea 8, que pasa por el aeropuerto de la capital, y la estaci\u00f3n Feria de Madrid. Con mensajes e im\u00e1genes que evocan el legado de Gabriel Garc\u00eda M\u00e1rquez. Esta estrategia refuerza el posicionamiento del pa\u00eds como un destino cultural \u00fanico en el mundo en una acci\u00f3n que se espera tenga m\u00e1s de 14 millones de impactos.<\/p>\n<p> \u00abLa magia de Macondo y el legado de Gabriel Garc\u00eda M\u00e1rquez nos permiten mostrar al mundo la riqueza cultural y literaria de Colombia. Con esta activaci\u00f3n en el Metro de Madrid, llevamos parte de nuestro pa\u00eds a uno de los escenarios m\u00e1s emblem\u00e1ticos de Europa, reforzando el mensaje de que Colombia, El Pa\u00eds de la Belleza, es mucho m\u00e1s que un destino: es una experiencia cultural \u00fanica\u00bb, afirm\u00f3 Carmen Caballero, presidente de ProColombia.<\/p>\n<p> La activaci\u00f3n forma parte de la destacada participaci\u00f3n de Colombia en FITUR 2025. Este a\u00f1o, el pa\u00eds contar\u00e1 con su mayor delegaci\u00f3n hist\u00f3rica: 50 representantes clave del sector, entre operadores tur\u00edsticos, alojamientos y entidades regionales. Liderada por el Ministerio de Comercio, Industria y Turismo y ProColombia, esta participaci\u00f3n subraya el compromiso de posicionar a Colombia como un destino diverso, sostenible y atractivo en los mercados internacionales.<\/p>\n<p> Foto: https:\/\/mma.prnewswire.com\/media\/2604811\/ProColombia.jpg<\/p>\n<p> View original content:https:\/\/www.prnewswire.com\/es\/comunicados-de-prensa\/en-fitur-metro-de-madrid-se-viste-con-la-belleza-de-colombia-y-cien-anos-de-soledad-302358724.html<\/p>\n","protected":false},"excerpt":{"rendered":"<p>(Informaci\u00f3n remitida por la empresa firmante) La riqueza literaria y cultural de Colombia transforma el Metro de Madrid con im\u00e1genes inspiradas en Cien A\u00f1os de Soledad. Esta iniciativa, enmarcada en la participaci\u00f3n del pa\u00eds en FITUR 2025, en Madrid, posiciona a Colombia como un destino cultural incomparable. MADRID, 23 de enero de 2025 \/PRNewswire\/ &#8212; [&hellip;]<\/p>\n","protected":false},"author":1,"featured_media":0,"comment_status":"closed","ping_status":"closed","sticky":false,"template":"","format":"standard","meta":{"footnotes":""},"categories":[2],"tags":[],"class_list":["post-58727","post","type-post","status-publish","format-standard","hentry","category-noticias"],"_links":{"self":[{"href":"https:\/\/webciudadana.net\/index.php?rest_route=\/wp\/v2\/posts\/58727","targetHints":{"allow":["GET"]}}],"collection":[{"href":"https:\/\/webciudadana.net\/index.php?rest_route=\/wp\/v2\/posts"}],"about":[{"href":"https:\/\/webciudadana.net\/index.php?rest_route=\/wp\/v2\/types\/post"}],"author":[{"embeddable":true,"href":"https:\/\/webciudadana.net\/index.php?rest_route=\/wp\/v2\/users\/1"}],"replies":[{"embeddable":true,"href":"https:\/\/webciudadana.net\/index.php?rest_route=%2Fwp%2Fv2%2Fcomments&post=58727"}],"version-history":[{"count":0,"href":"https:\/\/webciudadana.net\/index.php?rest_route=\/wp\/v2\/posts\/58727\/revisions"}],"wp:attachment":[{"href":"https:\/\/webciudadana.net\/index.php?rest_route=%2Fwp%2Fv2%2Fmedia&parent=58727"}],"wp:term":[{"taxonomy":"category","embeddable":true,"href":"https:\/\/webciudadana.net\/index.php?rest_route=%2Fwp%2Fv2%2Fcategories&post=58727"},{"taxonomy":"post_tag","embeddable":true,"href":"https:\/\/webciudadana.net\/index.php?rest_route=%2Fwp%2Fv2%2Ftags&post=58727"}],"curies":[{"name":"wp","href":"https:\/\/api.w.org\/{rel}","templated":true}]}}