{"id":58732,"date":"2025-01-23T16:12:46","date_gmt":"2025-01-23T15:12:46","guid":{"rendered":"https:\/\/ticker-noticiasep.microcontenidos.com\/NoticiaRSS.vbhtml?user=FRND562DLP&amp;cod=20250123161246"},"modified":"2025-01-23T16:12:46","modified_gmt":"2025-01-23T15:12:46","slug":"autonomos-en-ruta-ofrece-ofertas-y-demandas-de-empleo-para-transportistas-autonomos-y-pymes","status":"publish","type":"post","link":"https:\/\/webciudadana.net\/?p=58732","title":{"rendered":"Aut\u00f3nomos \u00a1En Ruta! ofrece ofertas y demandas de empleo para transportistas aut\u00f3nomos y pymes"},"content":{"rendered":"\n<div><img decoding=\"async\" src=\"https:\/\/img.europapress.es\/fotoweb\/fotonoticia_20250123161246_300.jpg\" class=\"ff-og-image-inserted\"><\/div>\n<p>Madrid, 23 de enero de 2025. &#8211; La falta de conductores profesionales est\u00e1 afectando gravemente al sector del transporte por carretera en Espa\u00f1a. Con una media de edad de los conductores cercana a los 50 a\u00f1os y un d\u00e9ficit de 20.000 profesionales, el sector se enfrenta a un problema estructural que compromete su futuro.<\/p>\n<p> Este desaf\u00edo no solo afecta a las empresas de transporte, sino tambi\u00e9n a las cadenas de suministro y a la competitividad de la econom\u00eda nacional. El portal de empleo de Aut\u00f3nomos \u00a1En Ruta!, adem\u00e1s de informaci\u00f3n para transportistas aut\u00f3nomos y pymes, est\u00e1 trabajando para aliviar esta situaci\u00f3n conectando oferta y demanda de empleo en el sector del transporte por carretera, contribuyendo a la dinamizaci\u00f3n del mercado laboral.<\/p>\n<p> Soluciones laborales en el transporte por carretera<\/p>\n<p>\nAut\u00f3nomos \u00a1En Ruta! se ha posicionado como una herramienta \u00fatil para los transportistas aut\u00f3nomos y las pymes al proporcionar acceso directo a ofertas y demandas de empleo espec\u00edficas del sector. A trav\u00e9s de su plataforma digital, los profesionales pueden acceder a un espacio donde se publican vacantes adaptadas a sus necesidades y habilidades.<\/p>\n<p> Este enfoque busca combatir la creciente falta de relevo generacional, un problema que se ve agravado por las dificultades para acceder a la profesi\u00f3n debido a los altos costes de formaci\u00f3n y a las barreras administrativas.<\/p>\n<p> Adem\u00e1s de empleo, Aut\u00f3nomos \u00a1En Ruta! tambi\u00e9n informa sobre normativas, tendencias del sector y novedades en tecnolog\u00eda y veh\u00edculos, ayudando a los transportistas a mejorar su competitividad. Estas acciones refuerzan la conexi\u00f3n entre los profesionales del transporte y las empresas que necesitan sus servicios, apoyando la estabilidad y el crecimiento del sector.<\/p>\n<p> Retos del relevo generacional en el transporte<\/p>\n<p>\nUno de los principales problemas que enfrenta el sector del transporte por carretera es la falta de inter\u00e9s por parte de los j\u00f3venes para incorporarse a esta profesi\u00f3n. Las barreras de entrada, como la edad m\u00ednima de acceso a las licencias profesionales y las condiciones laborales poco atractivas, dificultan la renovaci\u00f3n de la fuerza laboral.<\/p>\n<p> Aut\u00f3nomos \u00a1En Ruta! Tambi\u00e9n fomenta la sensibilizaci\u00f3n sobre este problema mediante la publicaci\u00f3n de informaci\u00f3n clave y el impulso de iniciativas que faciliten la incorporaci\u00f3n de nuevas generaciones al sector. Este esfuerzo contribuye a mitigar los efectos de un problema estructural que pone en riesgo la continuidad del transporte por carretera, una actividad esencial para la econom\u00eda espa\u00f1ola.<\/p>\n<p> La labor de este portal como dinamizador del mercado laboral y fuente de informaci\u00f3n especializada ayuda a afrontar los retos del transporte por carretera, marcando un camino hacia la sostenibilidad y el progreso del sector.<\/p>\n<p>\n*<\/p>\n<p>\n*<\/p>\n<p>\nDATOS P\u00daBLICOS:<\/p>\n<p>\n(Informaci\u00f3n remitida por la empresa firmante)<\/p>\n<p>\n*<\/p>\n<p>\nIMAGEN: Aut\u00f3nomos \u00a1En Ruta!<\/p>\n<p>\n*<\/p>\n<p>\nPIE DE FOTO: Aut\u00f3nomos \u00a1En Ruta! ofrece ofertas y demandas de empleo para transportistas aut\u00f3nomos y pymes<\/p>\n<p>\n*<\/p>\n<p>\nContacto<\/p>\n<p>\nEmisor: Aut\u00f3nomos \u00a1En Ruta!<\/p>\n<p>\nContacto: Gabinete Period\u00edstico<\/p>\n<p>\nEmail de contacto: comunicados@prensaymedios.com<\/p>\n","protected":false},"excerpt":{"rendered":"<p>Madrid, 23 de enero de 2025. &#8211; La falta de conductores profesionales est\u00e1 afectando gravemente al sector del transporte por carretera en Espa\u00f1a. Con una media de edad de los conductores cercana a los 50 a\u00f1os y un d\u00e9ficit de 20.000 profesionales, el sector se enfrenta a un problema estructural que compromete su futuro. Este [&hellip;]<\/p>\n","protected":false},"author":1,"featured_media":0,"comment_status":"closed","ping_status":"closed","sticky":false,"template":"","format":"standard","meta":{"footnotes":""},"categories":[2],"tags":[],"class_list":["post-58732","post","type-post","status-publish","format-standard","hentry","category-noticias"],"_links":{"self":[{"href":"https:\/\/webciudadana.net\/index.php?rest_route=\/wp\/v2\/posts\/58732","targetHints":{"allow":["GET"]}}],"collection":[{"href":"https:\/\/webciudadana.net\/index.php?rest_route=\/wp\/v2\/posts"}],"about":[{"href":"https:\/\/webciudadana.net\/index.php?rest_route=\/wp\/v2\/types\/post"}],"author":[{"embeddable":true,"href":"https:\/\/webciudadana.net\/index.php?rest_route=\/wp\/v2\/users\/1"}],"replies":[{"embeddable":true,"href":"https:\/\/webciudadana.net\/index.php?rest_route=%2Fwp%2Fv2%2Fcomments&post=58732"}],"version-history":[{"count":0,"href":"https:\/\/webciudadana.net\/index.php?rest_route=\/wp\/v2\/posts\/58732\/revisions"}],"wp:attachment":[{"href":"https:\/\/webciudadana.net\/index.php?rest_route=%2Fwp%2Fv2%2Fmedia&parent=58732"}],"wp:term":[{"taxonomy":"category","embeddable":true,"href":"https:\/\/webciudadana.net\/index.php?rest_route=%2Fwp%2Fv2%2Fcategories&post=58732"},{"taxonomy":"post_tag","embeddable":true,"href":"https:\/\/webciudadana.net\/index.php?rest_route=%2Fwp%2Fv2%2Ftags&post=58732"}],"curies":[{"name":"wp","href":"https:\/\/api.w.org\/{rel}","templated":true}]}}