{"id":58736,"date":"2025-01-23T16:04:25","date_gmt":"2025-01-23T15:04:25","guid":{"rendered":"https:\/\/ticker-noticiasep.microcontenidos.com\/NoticiaRSS.vbhtml?user=FRND562DLP&amp;cod=20250123160425"},"modified":"2025-01-23T16:04:25","modified_gmt":"2025-01-23T15:04:25","slug":"sociedad-alberto-contador-y-ok-mobility-presentan-su-equipo-ciclista-para-la-mallorca-312-en-fitur","status":"publish","type":"post","link":"https:\/\/webciudadana.net\/?p=58736","title":{"rendered":"Sociedad: Alberto Contador y OK Mobility presentan su equipo ciclista para la Mallorca 312 en FITUR"},"content":{"rendered":"\n<div><img decoding=\"async\" src=\"https:\/\/img.europapress.es\/fotoweb\/fotonoticia_20250123160425_300.jpg\" class=\"ff-og-image-inserted\"><\/div>\n<p>(Informaci\u00f3n remitida por la empresa firmante)<\/p>\n<p>\nDurante el acto de presentaci\u00f3n se ha desvelado en exclusiva el maillot del equipo, dise\u00f1ado por el aclamado artista Ricardo Cavolo. El stand de OK Mobility tambi\u00e9n ha acogido la presentaci\u00f3n de la Gran Fondo Alberto Contador<\/p>\n<p>\nMadrid, 23 de enero de 2025.- El stand de OK Mobility en FITUR 2025 se ha convertido en el escenario de la presentaci\u00f3n oficial del equipo OK Mobility, formado por once ciclistas profesionales y capitaneado por Alberto Contador, que participar\u00e1 en la XV edici\u00f3n de la carrera Mallorca 312 OK Mobility el pr\u00f3ximo 26 de abril.<\/p>\n<p> El acto de presentaci\u00f3n, moderado por el reconocido speaker de ciclismo Juan Mari Guajardo, ha contado con la presencia de destacadas figuras del ciclismo. El reconocido ex ciclista Alberto Contador, como capit\u00e1n del equipo, ha compartido su entusiasmo al liderar este proyecto. \u00abMuy ilusionado de capitanear este excepcional equipo ciclista. Es un honor formar parte de un proyecto que une deporte y valores que inspiran. Estamos preparados para dar lo mejor de nosotros en la Mallorca 312 OK Mobility, una carrera que ha crecido de forma extraordinaria en los \u00faltimos a\u00f1os, al igual que la expansi\u00f3n protagonizada por OK Mobility\u00bb.<\/p>\n<p> Como parte del acto, se ha presentado en exclusiva el maillot &#8216;OK MOBILITY X RICARDO CAVOLO&#8217;, dise\u00f1ado por este c\u00e9lebre artista internacional, con el que los integrantes del equipo OK Mobility se equipar\u00e1n en su participaci\u00f3n en la Mallorca 312, uniendo arte y deporte.<\/p>\n<p> Por su parte, Othman Ktiri, CEO de OK Mobility, ha asegurado que \u00abnos llena de entusiasmo pedalear por quinto a\u00f1o consecutivo junto a la Mallorca 312 OK Mobility. Como empresa mallorquina, para nosotros este patrocinio va m\u00e1s all\u00e1 de una mera colaboraci\u00f3n: se trata de una declaraci\u00f3n de nuestra identidad, nuestras ra\u00edces y nuestro compromiso con iniciativas que colocan a nuestra isla en el foco internacional como un destino sostenible y de calidad\u00bb. \u00abEsta edici\u00f3n es particularmente especial, ya que la viviremos desde dentro con la participaci\u00f3n de nuestro equipo ciclista OK Mobility, cuya pasi\u00f3n y dedicaci\u00f3n representan los valores del trabajo en equipo, el esfuerzo y la perseverancia que nos definen como compa\u00f1\u00eda\u00bb, ha a\u00f1adido Ktiri.<\/p>\n<p> Lloren\u00e7 Galm\u00e9s, Presidente del Consell de Mallorca, ha querido poner en valor \u00abel compromiso del Consell con la promoci\u00f3n de los valores deportivos\u00bb. \u00abCon esta iniciativa, damos un paso m\u00e1s hacia un modelo tur\u00edstico m\u00e1s sostenible y diversificado, al mismo tiempo que contribuimos a la desestacionalizaci\u00f3n tur\u00edstica de nuestra isla\u00bb, ha afirmado Galm\u00e9s.<\/p>\n<p> El equipo OK Mobility re\u00fane talentos \u00fanicos como Ivan Basso, doble ganador del Giro de Italia y figura destacada del Tour de Francia; la campeona ol\u00edmpica Annemiek van Vleuten, quien ha conquistado grandes vueltas como el Tour de France Femmes, el Giro Rosa y la Vuelta a Espa\u00f1a; Jes\u00fas \u00abChiquit\u00edn\u00bb, fisioterapeuta especializado en ciclismo y amante de los retos extremos; y Daniel Sanz, especialista en pruebas de larga distancia.<\/p>\n<p> A ellos se suman Pol Tarr\u00e9s, experto en ciclismo off-road y enduro; Orla Walsh, once veces campeona nacional de Irlanda en ciclismo en pista; Savina Paul y Pol Aris\u00f3, pilotos de profesi\u00f3n que combinan su pasi\u00f3n por las alturas y las dos ruedas; Elke Timperman, campeona europea de Gran Fondo y subcampeona mundial en contrarreloj y Gran Fondo; Bjorn De Decker, doble campe\u00f3n mundial de Gran Fondo.<\/p>\n<p> Contacto<\/p>\n<p>\nNombre contacto: Comunicaci\u00f3n OK Mobility<\/p>\n<p>\nDescripci\u00f3n contacto: OK Mobility<\/p>\n<p>\nTel\u00e9fono de contacto: 636800910<\/p>\n","protected":false},"excerpt":{"rendered":"<p>(Informaci\u00f3n remitida por la empresa firmante) Durante el acto de presentaci\u00f3n se ha desvelado en exclusiva el maillot del equipo, dise\u00f1ado por el aclamado artista Ricardo Cavolo. El stand de OK Mobility tambi\u00e9n ha acogido la presentaci\u00f3n de la Gran Fondo Alberto Contador Madrid, 23 de enero de 2025.- El stand de OK Mobility en [&hellip;]<\/p>\n","protected":false},"author":1,"featured_media":0,"comment_status":"closed","ping_status":"closed","sticky":false,"template":"","format":"standard","meta":{"footnotes":""},"categories":[2],"tags":[],"class_list":["post-58736","post","type-post","status-publish","format-standard","hentry","category-noticias"],"_links":{"self":[{"href":"https:\/\/webciudadana.net\/index.php?rest_route=\/wp\/v2\/posts\/58736","targetHints":{"allow":["GET"]}}],"collection":[{"href":"https:\/\/webciudadana.net\/index.php?rest_route=\/wp\/v2\/posts"}],"about":[{"href":"https:\/\/webciudadana.net\/index.php?rest_route=\/wp\/v2\/types\/post"}],"author":[{"embeddable":true,"href":"https:\/\/webciudadana.net\/index.php?rest_route=\/wp\/v2\/users\/1"}],"replies":[{"embeddable":true,"href":"https:\/\/webciudadana.net\/index.php?rest_route=%2Fwp%2Fv2%2Fcomments&post=58736"}],"version-history":[{"count":0,"href":"https:\/\/webciudadana.net\/index.php?rest_route=\/wp\/v2\/posts\/58736\/revisions"}],"wp:attachment":[{"href":"https:\/\/webciudadana.net\/index.php?rest_route=%2Fwp%2Fv2%2Fmedia&parent=58736"}],"wp:term":[{"taxonomy":"category","embeddable":true,"href":"https:\/\/webciudadana.net\/index.php?rest_route=%2Fwp%2Fv2%2Fcategories&post=58736"},{"taxonomy":"post_tag","embeddable":true,"href":"https:\/\/webciudadana.net\/index.php?rest_route=%2Fwp%2Fv2%2Ftags&post=58736"}],"curies":[{"name":"wp","href":"https:\/\/api.w.org\/{rel}","templated":true}]}}