{"id":58737,"date":"2025-01-23T16:02:42","date_gmt":"2025-01-23T15:02:42","guid":{"rendered":"https:\/\/ticker-noticiasep.microcontenidos.com\/NoticiaRSS.vbhtml?user=FRND562DLP&amp;cod=20250123160242"},"modified":"2025-01-23T16:02:42","modified_gmt":"2025-01-23T15:02:42","slug":"instituto-fp-vial-lidera-la-formacion-de-profesores-de-autoescuela-a-nivel-nacional","status":"publish","type":"post","link":"https:\/\/webciudadana.net\/?p=58737","title":{"rendered":"Instituto FP Vial lidera la formaci\u00f3n de profesores de autoescuela a nivel nacional"},"content":{"rendered":"\n<div><img decoding=\"async\" src=\"https:\/\/img.europapress.es\/fotoweb\/fotonoticia_20250123160242_300.jpg\" class=\"ff-og-image-inserted\"><\/div>\n<p>(Informaci\u00f3n remitida por la empresa firmante)<\/p>\n<p>\nBarbastro, Huesca, 23 de enero de 2025. Los alumnos del grado superior asisten a una jornada organizada por la Jefatura de Tr\u00e1fico<\/p>\n<p>\nEl pasado 17 de enero se llev\u00f3 a cabo una jornada formativa dirigida a los alumnos del Ciclo Formativo de Grado Superior \u00abT\u00e9cnico Superior en Formaci\u00f3n para la Movilidad Segura y Sostenible\u00bb, impartido por el Instituto FP Vial de Barbastro. Esta titulaci\u00f3n, que capacitar\u00e1 a los alumnos como profesores de autoescuela, ha concentrado alumnos de toda la geograf\u00eda espa\u00f1ola, quienes cursan estos estudios en modalidad a distancia.<\/p>\n<p> El evento fue dirigido por Joaqu\u00edn Grau, director del Instituto FP Vial, y presidido por Margarita Padial, Jefa Provincial de Tr\u00e1fico, en representaci\u00f3n de la Direcci\u00f3n General de Tr\u00e1fico. La jornada tuvo lugar en el Centro de Ex\u00e1menes de Barbastro y cont\u00f3 con la participaci\u00f3n de personal examinador de la Jefatura de Tr\u00e1fico, quienes ofrecieron a los asistentes una explicaci\u00f3n detallada del desarrollo de las pruebas de aptitud para los aspirantes a los diferentes permisos de conducci\u00f3n. Posteriormente, los alumnos asistieron a una charla sobre el funcionamiento del servicio de ex\u00e1menes y la importancia del papel de los profesores de formaci\u00f3n vial.<\/p>\n<p> Este programa, que se encuentra en su tercer a\u00f1o desde su creaci\u00f3n, sigue despertando un gran inter\u00e9s debido a la elevada demanda de profesionales cualificados en el sector de las autoescuelas. La formaci\u00f3n tiene una duraci\u00f3n de dos a\u00f1os y comprende 120 cr\u00e9ditos ECTS. Adem\u00e1s, desde este a\u00f1o, se imparte en modalidad dual, permitiendo a los estudiantes realizar hasta 500 horas de pr\u00e1cticas en empresas ubicadas en sus provincias de residencia<\/p>\n<p>\nLa Jefa Provincial de Tr\u00e1fico, Margarita Padial, subray\u00f3 la relevancia de este programa formativo al se\u00f1alar: \u00abLa figura del profesor de formaci\u00f3n vial es fundamental para inculcar valores y actitudes responsables en los futuros conductores\u00bb, afirmando que \u00absensibilizar tambi\u00e9n a los futuros profesores de la necesidad de una adecuada preparaci\u00f3n de los aspirantes en las pruebas pr\u00e1cticas, es fundamental\u00bb<\/p>\n<p>\nPor su parte, Joaqu\u00edn Grau, director del Instituto FP Vial, destac\u00f3 la importancia del rol que desempe\u00f1an los profesores de autoescuela: \u00abEl Ciclo Formativo no solo prepara a los futuros profesores para ense\u00f1ar a conducir, sino para ser agentes de cambio en la seguridad vial\u00bb, seguidamente indic\u00f3 que \u00abEl compromiso del Instituto FP Vial es formar referentes en Movilidad Segura y Sostenible\u00bb.<\/p>\n<p> Arag\u00f3n, l\u00edder nacional por tercer a\u00f1o consecutivo en la formaci\u00f3n de profesores de autoescuela<\/p>\n<p>\n*El Instituto FP Vial, ubicado en Barbastro, se ha consolidado como un referente nacional en la impartici\u00f3n del Grado Superior de Movilidad Segura y Sostenible. Por tercer a\u00f1o consecutivo, todas las plazas ofertadas se han completado con estudiantes provenientes de diversas provincias de Espa\u00f1a.<\/p>\n<p> La modalidad dual de formaci\u00f3n permite al Instituto FP Vial colaborar con empresas del sector en todas las provincias, ofreciendo a sus alumnos una formaci\u00f3n pr\u00e1ctica que garantiza su inserci\u00f3n laboral. Los titulados no solo podr\u00e1n trabajar como profesores de autoescuela, sino que tambi\u00e9n tendr\u00e1n acceso a m\u00e1s de ocho salidas profesionales<\/p>\n<p>\nCon esta oferta educativa, Huesca reafirma su posici\u00f3n como l\u00edder en la formaci\u00f3n de profesionales en el \u00e1mbito de la movilidad segura y sostenible, contribuyendo a mejorar la seguridad vial en todo el pa\u00eds.<\/p>\n<p> Contacto<\/p>\n<p>\nNombre contacto: Paco Sanz<\/p>\n<p>\nDescripci\u00f3n contacto: Instituto T\u00e9cnico FPVIAL<\/p>\n<p>\nTel\u00e9fono de contacto: 656 43 02 25<\/p>\n<p>\nIm\u00e1genes<\/p>\n<p>\nhttps:\/\/static.comunicae.com\/photos\/notas\/1260332\/_DSC6328-2.jpg<\/p>\n<p>\nPie de foto: Presentaci\u00f3n tercera promoci\u00f3n FPVIAL<\/p>\n<p>\nAutor: Ismael Bold\u00fa<\/p>\n<p>\nhttps:\/\/static.comunicae.com\/photos\/notas\/1260332\/_DSC6361-2.jpg<\/p>\n<p>\nPie de foto: Presentaci\u00f3n tercera promoci\u00f3n FPVIAL<\/p>\n<p>\nAutor: Ismael Bold\u00fa<\/p>\n<p>\nhttps:\/\/static.comunicae.com\/photos\/notas\/1260332\/_DSC6366-2.jpg<\/p>\n<p>\nPie de foto: Presentaci\u00f3n tercera promoci\u00f3n FPVIAL<\/p>\n<p>\nAutor: Ismael Bold\u00fa<\/p>\n<p>\nhttps:\/\/static.comunicae.com\/photos\/notas\/1260332\/_DSC6372-2.jpg<\/p>\n<p>\nPie de foto: Presentaci\u00f3n tercera promoci\u00f3n FPVIAL<\/p>\n<p>\nAutor: Ismael Bold\u00fa<\/p>\n<p>\nhttps:\/\/static.comunicae.com\/photos\/notas\/1260332\/_DSC6379-2.jpg<\/p>\n<p>\nPie de foto: Presentaci\u00f3n tercera promoci\u00f3n FPVIAL<\/p>\n<p>\nAutor: Ismael Bold\u00fa<\/p>\n","protected":false},"excerpt":{"rendered":"<p>(Informaci\u00f3n remitida por la empresa firmante) Barbastro, Huesca, 23 de enero de 2025. Los alumnos del grado superior asisten a una jornada organizada por la Jefatura de Tr\u00e1fico El pasado 17 de enero se llev\u00f3 a cabo una jornada formativa dirigida a los alumnos del Ciclo Formativo de Grado Superior \u00abT\u00e9cnico Superior en Formaci\u00f3n para [&hellip;]<\/p>\n","protected":false},"author":1,"featured_media":0,"comment_status":"closed","ping_status":"closed","sticky":false,"template":"","format":"standard","meta":{"footnotes":""},"categories":[2],"tags":[],"class_list":["post-58737","post","type-post","status-publish","format-standard","hentry","category-noticias"],"_links":{"self":[{"href":"https:\/\/webciudadana.net\/index.php?rest_route=\/wp\/v2\/posts\/58737","targetHints":{"allow":["GET"]}}],"collection":[{"href":"https:\/\/webciudadana.net\/index.php?rest_route=\/wp\/v2\/posts"}],"about":[{"href":"https:\/\/webciudadana.net\/index.php?rest_route=\/wp\/v2\/types\/post"}],"author":[{"embeddable":true,"href":"https:\/\/webciudadana.net\/index.php?rest_route=\/wp\/v2\/users\/1"}],"replies":[{"embeddable":true,"href":"https:\/\/webciudadana.net\/index.php?rest_route=%2Fwp%2Fv2%2Fcomments&post=58737"}],"version-history":[{"count":0,"href":"https:\/\/webciudadana.net\/index.php?rest_route=\/wp\/v2\/posts\/58737\/revisions"}],"wp:attachment":[{"href":"https:\/\/webciudadana.net\/index.php?rest_route=%2Fwp%2Fv2%2Fmedia&parent=58737"}],"wp:term":[{"taxonomy":"category","embeddable":true,"href":"https:\/\/webciudadana.net\/index.php?rest_route=%2Fwp%2Fv2%2Fcategories&post=58737"},{"taxonomy":"post_tag","embeddable":true,"href":"https:\/\/webciudadana.net\/index.php?rest_route=%2Fwp%2Fv2%2Ftags&post=58737"}],"curies":[{"name":"wp","href":"https:\/\/api.w.org\/{rel}","templated":true}]}}