{"id":58739,"date":"2025-01-23T16:29:08","date_gmt":"2025-01-23T15:29:08","guid":{"rendered":"https:\/\/ticker-noticiasep.microcontenidos.com\/NoticiaRSS.vbhtml?user=FRND562DLP&amp;cod=20250123162908"},"modified":"2025-01-23T16:29:08","modified_gmt":"2025-01-23T15:29:08","slug":"enrique-tomas-vuelve-a-fitur-y-presenta-novedades-de-pais-jamon-tour-su-iniciativa-turistica","status":"publish","type":"post","link":"https:\/\/webciudadana.net\/?p=58739","title":{"rendered":"Enrique Tom\u00e1s vuelve a FITUR y presenta novedades de \u00abPa\u00eds Jam\u00f3n Tour\u00bb, su iniciativa tur\u00edstica"},"content":{"rendered":"\n<div><img decoding=\"async\" src=\"https:\/\/img.europapress.es\/fotoweb\/fotonoticia_20250123162908_300.jpg\" class=\"ff-og-image-inserted\"><\/div>\n<p>(Informaci\u00f3n remitida por la empresa firmante)<\/p>\n<p>\nLa iniciativa del l\u00edder en selecci\u00f3n y comercializaci\u00f3n de jam\u00f3n ib\u00e9rico marca un camino de calidad en el turismo rural y gastron\u00f3mico.<\/p>\n<p> Madrid, 23 de enero de 2025 &#8211; Por segundo a\u00f1o consecutivo, Enrique Tom\u00e1s, l\u00edder en selecci\u00f3n y comercializaci\u00f3n del mejor jam\u00f3n ib\u00e9rico, ha estado presente en FITUR, la feria de turismo m\u00e1s importante a nivel internacional. En esta ocasi\u00f3n, el empresario de Badalona ha vuelto a presentar su innovador proyecto \u00abPa\u00eds Jam\u00f3n Tour\u00bb en el stand del Ayuntamiento de Sevilla, destacando una vez m\u00e1s su compromiso con la puesta en valor del jam\u00f3n ib\u00e9rico y las regiones que lo producen.<\/p>\n<p> Pa\u00eds Jam\u00f3n Tour ya es una realidad habiendo celebrado numerosas experiencias centradas en C\u00f3rdoba. Pero este a\u00f1o, Enrique Tom\u00e1s ha anunciado la expansi\u00f3n del proyecto, que incluir\u00e1 nuevos tours en zonas de origen del ib\u00e9rico y sus alrededores, como Sevilla, Jerez y Extremadura, fortaleciendo a\u00fan m\u00e1s la conexi\u00f3n entre la gastronom\u00eda y el patrimonio local, y contando para ello con m\u00e1s agentes involucrados en el sector de los viajes y el turismo.<\/p>\n<p> Durante la presentaci\u00f3n, el stand del Ayuntamiento de Sevilla se proyectaron videos que muestran las primeras experiencias de \u00abPa\u00eds Jam\u00f3n Tour\u00bb, cautivando a los asistentes y mostrando el impacto positivo del proyecto en las comunidades locales.<\/p>\n<p> \u00abPa\u00eds Jam\u00f3n Tour\u00bb, naci\u00f3 justo hace un a\u00f1o cuando fue presentado tambi\u00e9n en FITUR para revolucionar el mundo del jam\u00f3n como un proyecto de pa\u00eds para situar a este producto en el lugar que le corresponde. Con su propuesta y con el jam\u00f3n como denominador com\u00fan, el proyecto tur\u00edstico de Enrique Tom\u00e1s busca ofrecer una experiencia potenciando la cultura espa\u00f1ola, y lo aut\u00e9ntico del origen del jam\u00f3n con todo lo que forma parte de \u00e9l: cultura, naturaleza y gastronom\u00eda.<\/p>\n<p> Numerosas personalidades del mundo del arte, el deporte y la cultura asistieron a la presentaci\u00f3n. Entre ellos destacaron Raquel Revuelta, Carlos Latre y Bernd Schuster, adem\u00e1s de representantes institucionales de diferentes administraciones. Todos ellos se unieron para respaldar una iniciativa que pone el foco en lo mejor de la gastronom\u00eda espa\u00f1ola y su impacto en el turismo.<\/p>\n<p> Desde la alcald\u00eda de Sevilla agradecieron a Enrique Tom\u00e1s su papel como empresario que est\u00e1 elaborando apuestas que ponen en valor la ciudad, la provincia y la comunidad aut\u00f3noma. Destac\u00f3 c\u00f3mo iniciativas como \u00e9sta no solo promueven la riqueza cultural y gastron\u00f3mica de Andaluc\u00eda, sino que tambi\u00e9n fomentan el desarrollo econ\u00f3mico y tur\u00edstico de la regi\u00f3n.<\/p>\n<p> \u00abEl jam\u00f3n ib\u00e9rico es m\u00e1s que un producto gastron\u00f3mico; es cultura, es historia, es identidad, y Sevilla es la capital del jam\u00f3n. Adem\u00e1s, mucha gente no sabe que en Sevilla se produce mucho y muy bien jam\u00f3n. Eso s\u00ed, lo que sabemos todos es que se consume de manera maravillosa* es una de las razones por las que nombrar a Sevilla siempre provoca una sonrisa\u00bb se\u00f1al\u00f3 Enrique Tom\u00e1s durante su intervenci\u00f3n. \u00abCon &#8216;Pa\u00eds Jam\u00f3n Tour&#8217; queremos que el mundo descubra no solo el sabor \u00fanico de nuestro jam\u00f3n, sino tambi\u00e9n todo lo que hay detr\u00e1s y delante de un jam\u00f3n, los paisajes, las tradiciones y las personas que lo hacen posible.\u00bb<\/p>\n<p>\nEsta segunda participaci\u00f3n en FITUR reafirma a Enrique Tom\u00e1s como un referente en la promoci\u00f3n del jam\u00f3n ib\u00e9rico dentro y fuera de Espa\u00f1a, y consolida su compromiso de generar un impacto positivo tanto en la industria gastron\u00f3mica como en las comunidades locales.<\/p>\n<p> Sobre Enrique Tom\u00e1s<\/p>\n<p>\nEnrique Tom\u00e1s es el Seleccionador Nacional del Jam\u00f3n. La \u00fanica compa\u00f1\u00eda especializada en elegir el mejor jam\u00f3n ib\u00e9rico de sus diferentes or\u00edgenes, pieza por pieza, con un criterio de calidad \u00fanica para poner a disposici\u00f3n del p\u00fablico el mejor producto gastron\u00f3mico que existe. Su objetivo es ponerle nombre al jam\u00f3n en el mundo y poner a este producto en el lugar que se merece. Para lograrlo lleva desde 1982 dedicado a su selecci\u00f3n y comercializaci\u00f3n. Lo que empez\u00f3 como un negocio en el mercado de La Salud en Badalona (Barcelona), es hoy en d\u00eda una empresa internacional con diferentes \u00e1reas de negocio: desde m\u00e1s de un centenar de tiendas a nivel global, a soluciones de calidad para la gran distribuci\u00f3n, productos gourmet en colaboraci\u00f3n con grandes marcas, eventos y diferentes innovaciones con el que llevar el jam\u00f3n y otros productos selectos ib\u00e9ricos a todos los p\u00fablicos posibles. M\u00e1s informaci\u00f3n en www.enriquetomas.com<\/p>\n<p>\nEmisor: Enrique Tom\u00e1s<\/p>\n<p>\nContacto:<\/p>\n<p>\nCurro Romero Arrechea<\/p>\n<p>\nResponsable de Comunicaci\u00f3n Enrique Tom\u00e1s<\/p>\n<p>\n+34 650 67 45 54<\/p>\n<p>\ncurro.romero@enriquetomas.com<\/p>\n","protected":false},"excerpt":{"rendered":"<p>(Informaci\u00f3n remitida por la empresa firmante) La iniciativa del l\u00edder en selecci\u00f3n y comercializaci\u00f3n de jam\u00f3n ib\u00e9rico marca un camino de calidad en el turismo rural y gastron\u00f3mico. Madrid, 23 de enero de 2025 &#8211; Por segundo a\u00f1o consecutivo, Enrique Tom\u00e1s, l\u00edder en selecci\u00f3n y comercializaci\u00f3n del mejor jam\u00f3n ib\u00e9rico, ha estado presente en FITUR, [&hellip;]<\/p>\n","protected":false},"author":1,"featured_media":0,"comment_status":"closed","ping_status":"closed","sticky":false,"template":"","format":"standard","meta":{"footnotes":""},"categories":[2],"tags":[],"class_list":["post-58739","post","type-post","status-publish","format-standard","hentry","category-noticias"],"_links":{"self":[{"href":"https:\/\/webciudadana.net\/index.php?rest_route=\/wp\/v2\/posts\/58739","targetHints":{"allow":["GET"]}}],"collection":[{"href":"https:\/\/webciudadana.net\/index.php?rest_route=\/wp\/v2\/posts"}],"about":[{"href":"https:\/\/webciudadana.net\/index.php?rest_route=\/wp\/v2\/types\/post"}],"author":[{"embeddable":true,"href":"https:\/\/webciudadana.net\/index.php?rest_route=\/wp\/v2\/users\/1"}],"replies":[{"embeddable":true,"href":"https:\/\/webciudadana.net\/index.php?rest_route=%2Fwp%2Fv2%2Fcomments&post=58739"}],"version-history":[{"count":0,"href":"https:\/\/webciudadana.net\/index.php?rest_route=\/wp\/v2\/posts\/58739\/revisions"}],"wp:attachment":[{"href":"https:\/\/webciudadana.net\/index.php?rest_route=%2Fwp%2Fv2%2Fmedia&parent=58739"}],"wp:term":[{"taxonomy":"category","embeddable":true,"href":"https:\/\/webciudadana.net\/index.php?rest_route=%2Fwp%2Fv2%2Fcategories&post=58739"},{"taxonomy":"post_tag","embeddable":true,"href":"https:\/\/webciudadana.net\/index.php?rest_route=%2Fwp%2Fv2%2Ftags&post=58739"}],"curies":[{"name":"wp","href":"https:\/\/api.w.org\/{rel}","templated":true}]}}