{"id":58757,"date":"2025-01-24T12:42:01","date_gmt":"2025-01-24T11:42:01","guid":{"rendered":"https:\/\/ticker-noticiasep.microcontenidos.com\/NoticiaRSS.vbhtml?user=FRND562DLP&amp;cod=20250124124201"},"modified":"2025-01-24T12:42:01","modified_gmt":"2025-01-24T11:42:01","slug":"sociedad-el-82-de-los-jovenes-demanda-mas-formacion-en-centros-educativos-sobre-temas-ambientales","status":"publish","type":"post","link":"https:\/\/webciudadana.net\/?p=58757","title":{"rendered":"Sociedad: El 82 % de los j\u00f3venes demanda m\u00e1s formaci\u00f3n en centros educativos sobre temas ambientales"},"content":{"rendered":"\n<div><img decoding=\"async\" src=\"https:\/\/img.europapress.es\/fotoweb\/fotonoticia_20250124124201_300.jpg\" class=\"ff-og-image-inserted\"><\/div>\n<p>(Informaci\u00f3n remitida por la empresa firmante)<\/p>\n<p>\nMadrid, 24 de enero de 2025 &#8211; Un importante porcentaje de los j\u00f3venes se muestra preocupado por la situaci\u00f3n de la degradaci\u00f3n medioambiental en su conjunto, con un nivel de implicaci\u00f3n muy alto con todas las cuestiones planteadas, tal y como demuestra el \u00faltimo informe \u00abJ\u00f3venes y Medioambiente\u00bb del Observatorio de la Juventud en Iberoam\u00e9rica de la Fundaci\u00f3n SM.<\/p>\n<p> El 82 % de los j\u00f3venes demanda m\u00e1s formaci\u00f3n en centros educativos sobre temas ambientales de cambio clim\u00e1tico, contaminaci\u00f3n y consumo. As\u00ed, \u00fanicamente el 37,3 % de los j\u00f3venes asegura tener conocimientos a fondo acerca del calentamiento global, aunque para el 86,2 % su grado de preocupaci\u00f3n es bastante alto. Igualmente, solo el 27,5 % de los j\u00f3venes destaca que su instrucci\u00f3n acerca de la contaminaci\u00f3n atmosf\u00e9rica y del agua es profunda, mientras que un 85,2 % de ellos se muestra muy intranquilo por esta cuesti\u00f3n.<\/p>\n<p> Por otra parte, los j\u00f3venes aseguran que se informan a trav\u00e9s de las redes sociales, pero conf\u00edan especialmente en la comunidad cient\u00edfica para conocer la verdad sobre los riesgos ambientales.<\/p>\n<p> Las redes sociales se posicionan como el canal por excelencia al que recurren los j\u00f3venes para informarse sobre aspectos medioambientales (con el 64 % de las menciones).<\/p>\n<p> La comunidad cient\u00edfica (con el 45 % de las menciones) es el colectivo en el que m\u00e1s conf\u00edan los j\u00f3venes para conocer la verdad sobre los riesgos medioambientales. Le siguen, aunque a una distancia significativa, las asociaciones ecologistas (con un 33 %) y las instituciones acad\u00e9micas (con un 28 %).<\/p>\n<p> Aplicaci\u00f3n digital para medir el nivel ecosocial escolar<\/p>\n<p> Por ello, y para poder promover el conocimiento de los j\u00f3venes en materia medioambiental desde los colegios e institutos, surge HADEES, una herramienta online promovida por la Fundaci\u00f3n SM y la Fundaci\u00f3n FUHEM.<\/p>\n<p> Se dirige a centros escolares para medir el aprendizaje ecosocial de los alumnos, como se miden sus competencias en matem\u00e1ticas, lengua o historia.<\/p>\n<p> En Espa\u00f1a, 20 centros escolares cuentan con esta herramienta para medir las competencias ecosociales de sus alumnos: 4 en Andaluc\u00eda, 4 en Catalu\u00f1a, 5 en Madrid, 1 en La Rioja, 1 en Castilla y Le\u00f3n, 2 en la Comunidad Valenciana, 1 en Cantabria y 2 en el Pa\u00eds Vasco.<\/p>\n<p> Adem\u00e1s, se conceder\u00e1 un sello de reconocimiento como Centro Ecosocial a los colegios e institutos que, tras utilizar esta herramienta de autoevaluaci\u00f3n, redacten un plan de mejora y participen en un encuentro anual de intercambio. El reconocimiento contar\u00e1 con el aval de la Fundaci\u00f3n SM, la Universidad de Cantabria y la Fundaci\u00f3n FUHEM.<\/p>\n<p> Comunicaci\u00f3n SM Espa\u00f1a<\/p>\n<p> comunicacionsm@grupo-sm.com<\/p>\n<p> Carmen Palomino &#8211; (34) 649 454 680<\/p>\n<p> Ana Mar\u00eda P\u00e9rez &#8211; (34) 600 906 674 <\/p>\n<p> Margarita Mart\u00edn &#8211; (34) 689 196 847<\/p>\n<p> Ana Bel\u00e9n Mart\u00edn &#8211; (34) 677 775 270<\/p>\n","protected":false},"excerpt":{"rendered":"<p>(Informaci\u00f3n remitida por la empresa firmante) Madrid, 24 de enero de 2025 &#8211; Un importante porcentaje de los j\u00f3venes se muestra preocupado por la situaci\u00f3n de la degradaci\u00f3n medioambiental en su conjunto, con un nivel de implicaci\u00f3n muy alto con todas las cuestiones planteadas, tal y como demuestra el \u00faltimo informe \u00abJ\u00f3venes y Medioambiente\u00bb del [&hellip;]<\/p>\n","protected":false},"author":1,"featured_media":0,"comment_status":"closed","ping_status":"closed","sticky":false,"template":"","format":"standard","meta":{"footnotes":""},"categories":[2],"tags":[],"class_list":["post-58757","post","type-post","status-publish","format-standard","hentry","category-noticias"],"_links":{"self":[{"href":"https:\/\/webciudadana.net\/index.php?rest_route=\/wp\/v2\/posts\/58757","targetHints":{"allow":["GET"]}}],"collection":[{"href":"https:\/\/webciudadana.net\/index.php?rest_route=\/wp\/v2\/posts"}],"about":[{"href":"https:\/\/webciudadana.net\/index.php?rest_route=\/wp\/v2\/types\/post"}],"author":[{"embeddable":true,"href":"https:\/\/webciudadana.net\/index.php?rest_route=\/wp\/v2\/users\/1"}],"replies":[{"embeddable":true,"href":"https:\/\/webciudadana.net\/index.php?rest_route=%2Fwp%2Fv2%2Fcomments&post=58757"}],"version-history":[{"count":0,"href":"https:\/\/webciudadana.net\/index.php?rest_route=\/wp\/v2\/posts\/58757\/revisions"}],"wp:attachment":[{"href":"https:\/\/webciudadana.net\/index.php?rest_route=%2Fwp%2Fv2%2Fmedia&parent=58757"}],"wp:term":[{"taxonomy":"category","embeddable":true,"href":"https:\/\/webciudadana.net\/index.php?rest_route=%2Fwp%2Fv2%2Fcategories&post=58757"},{"taxonomy":"post_tag","embeddable":true,"href":"https:\/\/webciudadana.net\/index.php?rest_route=%2Fwp%2Fv2%2Ftags&post=58757"}],"curies":[{"name":"wp","href":"https:\/\/api.w.org\/{rel}","templated":true}]}}