{"id":58758,"date":"2025-01-24T13:05:47","date_gmt":"2025-01-24T12:05:47","guid":{"rendered":"https:\/\/ticker-noticiasep.microcontenidos.com\/NoticiaRSS.vbhtml?user=FRND562DLP&amp;cod=20250124130547"},"modified":"2025-01-24T13:05:47","modified_gmt":"2025-01-24T12:05:47","slug":"salud-que-es-la-foliculitis-causas-factores-y-prevencion-para-el-invierno","status":"publish","type":"post","link":"https:\/\/webciudadana.net\/?p=58758","title":{"rendered":"Salud: Qu\u00e9 es la foliculitis; causas, factores y prevenci\u00f3n para el invierno"},"content":{"rendered":"\n<div><img decoding=\"async\" src=\"https:\/\/img.europapress.es\/fotoweb\/fotonoticia_20250124130547_300.jpg\" class=\"ff-og-image-inserted\"><\/div>\n<p>(Informaci\u00f3n remitida por la empresa firmante)<\/p>\n<p>\nMadrid, 24 de enero de 2025.- \u00bfQu\u00e9 es la foliculitis? Es una pregunta que aparece cuando se empieza a preocupar ante s\u00edntomas de esta afecci\u00f3n capilar.<\/p>\n<p> La*foliculitis*es una inflamaci\u00f3n de los fol\u00edculos pilosos, esas peque\u00f1as cavidades en la piel de donde nacen los vellos. Aunque puede parecer un problema menor, quienes la padecen saben que puede ser molesta, dolorosa y, en algunos casos, afectar la calidad de vida.<\/p>\n<p> Desde Cl\u00ednicas Capilares IMD han creado este art\u00edculo donde explican c\u00f3mo factores como el uso de*ropa ajustada, el contacto con*piscinas climatizadas*y ciertas condiciones como la*pseudofoliculitis de la barba pueden desencadenar esta afecci\u00f3n. Adem\u00e1s, se profundizar\u00e1 en su origen y c\u00f3mo prevenirla.<\/p>\n<p>\n\u00bfQu\u00e9 es la foliculitis y cu\u00e1les son sus causas principales?<\/p>\n<p>\nLa foliculitis es causada por una infecci\u00f3n bacteriana, f\u00fangica o incluso viral, que afecta los fol\u00edculos pilosos. La causa m\u00e1s com\u00fan es una infecci\u00f3n por bacterias, como*Staphylococcus aureus, pero tambi\u00e9n puede ser provocada por otros microorganismos. Un ejemplo frecuente es la*foliculitis por pseudomonas, que ocurre al exponerse a aguas contaminadas en jacuzzis o*piscinas climatizadas*que no han sido correctamente desinfectadas.<\/p>\n<p> En general, cualquier situaci\u00f3n que cause irritaci\u00f3n, bloqueo o da\u00f1o a los fol\u00edculos puede desencadenar la foliculitis. Entre los factores de riesgo est\u00e1n:<\/p>\n<p>\nUso de ropa ajustada:*La fricci\u00f3n constante y la falta de ventilaci\u00f3n dificultan que los fol\u00edculos pilosos *respiren*, lo que los vuelve m\u00e1s susceptibles a infecciones.<\/p>\n<p> Pseudofoliculitis de la barba:*Es una forma particular de irritaci\u00f3n que ocurre cuando los vellos encarnados, especialmente en hombres que se rasuran con frecuencia, causan inflamaci\u00f3n en el \u00e1rea de la barba.<\/p>\n<p> Aguas contaminadas:*Las bacterias como*Pseudomonas aeruginosa pueden proliferar en jacuzzis o piscinas si los niveles de cloro no son adecuados. Esta situaci\u00f3n puede dar lugar a una foliculitis que, en muchos casos, se manifiesta como erupciones rojas y sensibles llenas de pus.<\/p>\n<p>\n\u00bfC\u00f3mo reconocer la foliculitis?<\/p>\n<p>\nLos s\u00edntomas de la foliculitis pueden variar seg\u00fan la gravedad. En sus primeras etapas, es com\u00fan notar:<\/p>\n<p>\nPeque\u00f1as protuberancias rojas o llenas de pus alrededor de los fol\u00edculos pilosos.<\/p>\n<p> Dolor, sensibilidad o picaz\u00f3n en las \u00e1reas afectadas.<\/p>\n<p> En casos m\u00e1s severos, los fol\u00edculos pueden reventarse y formar costras dolorosas.<\/p>\n<p> Es fundamental buscar*atenci\u00f3n de un experto en salud capilar si la inflamaci\u00f3n no mejora con el tiempo, se extiende a otras \u00e1reas del cuerpo o si se acompa\u00f1a de fiebre. Una evaluaci\u00f3n profesional puede confirmar si la infecci\u00f3n es causada por bacterias, hongos o alguna otra raz\u00f3n subyacente.<\/p>\n<p> Factores que la agravan<\/p>\n<p>\nAlgunos h\u00e1bitos o situaciones espec\u00edficas pueden empeorar esta condici\u00f3n. A continuaci\u00f3n, explican c\u00f3mo influyen los factores mencionados:<\/p>\n<p>\nPiscinas climatizadas y jacuzzis contaminados<\/p>\n<p>\nComo se mencion\u00f3 antes, la*foliculitis por pseudomonas*se asocia con ambientes acu\u00e1ticos donde las bacterias encuentran las condiciones perfectas para multiplicarse. Los sistemas de calefacci\u00f3n en piscinas y jacuzzis fomentan el crecimiento de microorganismos si no se aplican directamente las dosis correctas de cloro u otros desinfectantes.<\/p>\n<p> Ropa ajustada<\/p>\n<p>\nLa ropa ajustada, especialmente si est\u00e1 hecha de materiales que no permiten la transpiraci\u00f3n, genera un ambiente c\u00e1lido y h\u00famedo. Esto favorece el crecimiento de bacterias y hongos, que pueden infectar los fol\u00edculos pilosos. Adem\u00e1s, la fricci\u00f3n constante da\u00f1a la piel, abriendo la puerta a infecciones.<\/p>\n<p> Pseudofoliculitis de la barba<\/p>\n<p>\nEste problema ocurre con mayor frecuencia en personas que tienen el cabello rizado, ya que los vellos tienden a encarnarse despu\u00e9s de ser rasurados. Esto provoca inflamaci\u00f3n y un riesgo elevado de infecciones secundarias, haciendo que el problema pase de ser simplemente est\u00e9tico a algo cl\u00ednico.<\/p>\n<p> Falta de atenci\u00f3n m\u00e9dica adecuada<\/p>\n<p>\nLa automedicaci\u00f3n o ignorar los s\u00edntomas puede agravar la foliculitis, especialmente si la infecci\u00f3n se propaga. Algunos pacientes intentan reventar las lesiones llenas de pus, lo que aumenta el riesgo de cicatrices o infecciones m\u00e1s profundas.<\/p>\n<p> Tratamientos recomendados para la foliculitis, \u00bfQu\u00e9 ofrece y para qu\u00e9 sirve la ozonoterapia capilar?<\/p>\n<p>\nEl tratamiento capilar con ozono busca ayudar a regenerar y reforzar el cuero cabelludo da\u00f1ado, as\u00ed como eliminar sustancias da\u00f1inas o prevenir problemas de alopecia.<\/p>\n<p> La soluci\u00f3n capilar que ofrecemos en IMD con Ozono se trata de una t\u00e9cnica de tratamiento que favorece la oxigenaci\u00f3n del fol\u00edculo y el cuero cabelludo, empleando el ozono como agente terap\u00e9utico.<\/p>\n<p> El pelo envejece igual que cualquier parte del cuerpo, perdiendo propiedades y haci\u00e9ndose m\u00e1s fino y quebradizo perdiendo su densidad y propiedades. Por ello, es vital ayudar a la regeneraci\u00f3n del cabello.<\/p>\n<p> El Ozono*aumenta la oxigenaci\u00f3n del cuero cabelludo y estimula el metabolismo de las c\u00e9lulas.<\/p>\n<p> Recordar que ante cualquier s\u00edntoma severo sobre foliculitis capilar se debe acudir a un experto de confianza. En cl\u00ednicas Capilares IMD, ahora, ponen a disposici\u00f3n un servicio de revisi\u00f3n completamente gratuito y sin compromiso y tres sesiones de tratamiento capilar gratis para que se pueda probar el tratamiento capilar que mejor se adapte a las necesides.<\/p>\n<p> No se debe esperar m\u00e1s, reservar una cita ahora y empezar a disfrutar del cabello desde hoy mismo.<\/p>\n<p> Contacto<\/p>\n<p>\nNombre de emisor: Cl\u00ednicas Capilares IMD<\/p>\n<p>\nDescripci\u00f3n de contacto: Gabinete Period\u00edstico<\/p>\n<p>\nEmail de contacto: comunicados@prensaymedios.com<\/p>\n","protected":false},"excerpt":{"rendered":"<p>(Informaci\u00f3n remitida por la empresa firmante) Madrid, 24 de enero de 2025.- \u00bfQu\u00e9 es la foliculitis? Es una pregunta que aparece cuando se empieza a preocupar ante s\u00edntomas de esta afecci\u00f3n capilar. La*foliculitis*es una inflamaci\u00f3n de los fol\u00edculos pilosos, esas peque\u00f1as cavidades en la piel de donde nacen los vellos. Aunque puede parecer un problema [&hellip;]<\/p>\n","protected":false},"author":1,"featured_media":0,"comment_status":"closed","ping_status":"closed","sticky":false,"template":"","format":"standard","meta":{"footnotes":""},"categories":[2],"tags":[],"class_list":["post-58758","post","type-post","status-publish","format-standard","hentry","category-noticias"],"_links":{"self":[{"href":"https:\/\/webciudadana.net\/index.php?rest_route=\/wp\/v2\/posts\/58758","targetHints":{"allow":["GET"]}}],"collection":[{"href":"https:\/\/webciudadana.net\/index.php?rest_route=\/wp\/v2\/posts"}],"about":[{"href":"https:\/\/webciudadana.net\/index.php?rest_route=\/wp\/v2\/types\/post"}],"author":[{"embeddable":true,"href":"https:\/\/webciudadana.net\/index.php?rest_route=\/wp\/v2\/users\/1"}],"replies":[{"embeddable":true,"href":"https:\/\/webciudadana.net\/index.php?rest_route=%2Fwp%2Fv2%2Fcomments&post=58758"}],"version-history":[{"count":0,"href":"https:\/\/webciudadana.net\/index.php?rest_route=\/wp\/v2\/posts\/58758\/revisions"}],"wp:attachment":[{"href":"https:\/\/webciudadana.net\/index.php?rest_route=%2Fwp%2Fv2%2Fmedia&parent=58758"}],"wp:term":[{"taxonomy":"category","embeddable":true,"href":"https:\/\/webciudadana.net\/index.php?rest_route=%2Fwp%2Fv2%2Fcategories&post=58758"},{"taxonomy":"post_tag","embeddable":true,"href":"https:\/\/webciudadana.net\/index.php?rest_route=%2Fwp%2Fv2%2Ftags&post=58758"}],"curies":[{"name":"wp","href":"https:\/\/api.w.org\/{rel}","templated":true}]}}