{"id":58759,"date":"2025-01-24T13:02:54","date_gmt":"2025-01-24T12:02:54","guid":{"rendered":"https:\/\/ticker-noticiasep.microcontenidos.com\/NoticiaRSS.vbhtml?user=FRND562DLP&amp;cod=20250124130254"},"modified":"2025-01-24T13:02:54","modified_gmt":"2025-01-24T12:02:54","slug":"sociedad-el-colegio-juan-pablo-ii-de-parla-integra-la-musica-desde-las-primeras-etapas-con-un-impacto-unico","status":"publish","type":"post","link":"https:\/\/webciudadana.net\/?p=58759","title":{"rendered":"Sociedad: El Colegio Juan Pablo II de Parla integra la m\u00fasica desde las primeras etapas, con un impacto \u00fanico"},"content":{"rendered":"\n<div><img decoding=\"async\" src=\"https:\/\/img.europapress.es\/fotoweb\/fotonoticia_20250124130254_300.jpg\" class=\"ff-og-image-inserted\"><\/div>\n<p>(Informaci\u00f3n remitida por la empresa firmante)<\/p>\n<p>\nParla, Madrid, 24 de enero de 2025. En este colegio, la m\u00fasica no es solo una asignatura, sino un pilar fundamental que acompa\u00f1a el desarrollo integral de los estudiantes. El Colegio Juan Pablo II de Parla integra la m\u00fasica en su proyecto educativo desde Infantil hasta Bachillerato, fomentando la creatividad, la concentraci\u00f3n y las habilidades sociales<\/p>\n<p>\nEn el Colegio Juan Pablo II de Parla, la m\u00fasica no es solo una asignatura, sino un pilar esencial de su proyecto educativo. Desde Infantil hasta Bachillerato, este colegio ofrece un enfoque 360\u00ba en educaci\u00f3n musical, integrando la m\u00fasica en todas las etapas del aprendizaje y obteniendo resultados que lo posicionan como uno de los mejores en este \u00e1mbito.<\/p>\n<p> Un enfoque integral de la m\u00fasica: 360\u00ba de educaci\u00f3n musical<\/p>\n<p>\n*El proyecto educativo del colegio incluye la m\u00fasica en cada aspecto de la vida escolar, con actividades dise\u00f1adas para fomentar el desarrollo integral de los alumnos:<\/p>\n<p>\n\u00b7**Infantil: Desde los 3 a\u00f1os, los ni\u00f1os aprenden a trav\u00e9s de canciones, audiciones guiadas y actividades con instrumentos adaptados. La m\u00fasica estructura sus rutinas diarias y los ayuda a desarrollar habilidades cognitivas y emocionales desde una edad temprana.<\/p>\n<p>\n\u00b7**Inicio y cierre del d\u00eda con m\u00fasica cl\u00e1sica: A las 08:30 y 16:30, el colegio se llena de melod\u00edas que promueven la calma y la concentraci\u00f3n, ayudando a los alumnos a empezar y terminar el d\u00eda en un ambiente de serenidad.<\/p>\n<p>\n\u00b7**M\u00fasica en el aula: Cada trimestre, los alumnos exploran una \u00e9poca musical distinta. Durante momentos de trabajo en silencio o actividades creativas, las aulas se llenan de m\u00fasica que estimula la concentraci\u00f3n y la imaginaci\u00f3n.<\/p>\n<p>\n\u00b7**Conciertos pedag\u00f3gicos: Los alumnos participan en actividades \u00fanicas donde aprenden conceptos musicales mientras disfrutan de interpretaciones en directo,al menos uno distinto por trimestre adaptado a cada etapa educativa.<\/p>\n<p>\n\u00b7**Grado Musical: Los estudiantes tienen la oportunidad de obtener el prestigioso t\u00edtulo de la ABRSM (Associated Board of the Royal Schools of Music), consolidando su formaci\u00f3n musical a nivel internacional.<\/p>\n<p> Resultados que hablan por s\u00ed solos<\/p>\n<p>\n*El compromiso del colegio con la m\u00fasica ha dado frutos. Cristina Mar\u00eda y Andy Wang, alumnos de secundaria, han sido galardonados con el Premio Grado Musical Excelencia, un reconocimiento que destaca su talento y esfuerzo.<\/p>\n<p> \u00abLa m\u00fasica en nuestro colegio no solo es un arte, es un medio para formar personas creativas, emp\u00e1ticas y con una sensibilidad \u00fanica. Creemos que educar no es solo transmitir conocimientos, sino tambi\u00e9n ense\u00f1ar a valorar la belleza y el arte\u00bb*Alfonso Die, Director del Colegio Juan Pablo II de Parla.<\/p>\n<p>\n\u00bfPor qu\u00e9 la m\u00fasica es fundamental en la educaci\u00f3n?<\/p>\n<p>\n*Numerosos estudios avalan los beneficios de la m\u00fasica en el desarrollo infantil:<\/p>\n<p>\n\u00b7**Desarrollo cognitivo: Mejora la memoria, la concentraci\u00f3n y las habilidades de resoluci\u00f3n de problemas.<\/p>\n<p>\n\u00b7**Gesti\u00f3n emocional: Ayuda a los ni\u00f1os a expresar sus emociones y a desarrollar su inteligencia emocional.<\/p>\n<p>\n\u00b7**Socializaci\u00f3n: Fomenta el trabajo en equipo y la empat\u00eda a trav\u00e9s de actividades grupales como coros y ensambles.<\/p>\n<p> \u00abEn educaci\u00f3n Infantil, la m\u00fasica no solo acompa\u00f1a, estructura el aprendizaje. Es una herramienta poderosa que conecta emociones y mente, ayudando a los ni\u00f1os a descubrir su mundo interior.\u00bb<\/p>\n<p>\n*Coordinadora de Infantil, Elena Garc\u00eda.<\/p>\n<p> Un proyecto que conquista a las familias<\/p>\n<p>\n*Cada vez m\u00e1s familias eligen el Colegio Juan Pablo II de Parla por su enfoque \u00fanico en la educaci\u00f3n musical. La integraci\u00f3n de la m\u00fasica en el d\u00eda a d\u00eda escolar no solo mejora el rendimiento acad\u00e9mico, sino que tambi\u00e9n transforma a los alumnos en personas m\u00e1s sensibles y creativas.<\/p>\n<p> Contacto<\/p>\n<p>\nNombre contacto: Colegio Juan Pablo II de Parla<\/p>\n<p>\nDescripci\u00f3n contacto: Comunicaci\u00f3n Colegio Juan Pablo II de Parla<\/p>\n<p>\nTel\u00e9fono de contacto: 911610055<\/p>\n<p>\nIm\u00e1genes<\/p>\n<p>\nhttps:\/\/static.comunicae.com\/photos\/notas\/1260268\/JPII_Parla_19052021_1025_1-2-2.jpg<\/p>\n<p>\nPie de foto: Alumna del Colegio Juan Pablo II de Parla<\/p>\n<p>\nAutor: Colegio Juan Pablo II de Parla<\/p>\n","protected":false},"excerpt":{"rendered":"<p>(Informaci\u00f3n remitida por la empresa firmante) Parla, Madrid, 24 de enero de 2025. En este colegio, la m\u00fasica no es solo una asignatura, sino un pilar fundamental que acompa\u00f1a el desarrollo integral de los estudiantes. El Colegio Juan Pablo II de Parla integra la m\u00fasica en su proyecto educativo desde Infantil hasta Bachillerato, fomentando la [&hellip;]<\/p>\n","protected":false},"author":1,"featured_media":0,"comment_status":"closed","ping_status":"closed","sticky":false,"template":"","format":"standard","meta":{"footnotes":""},"categories":[2],"tags":[],"class_list":["post-58759","post","type-post","status-publish","format-standard","hentry","category-noticias"],"_links":{"self":[{"href":"https:\/\/webciudadana.net\/index.php?rest_route=\/wp\/v2\/posts\/58759","targetHints":{"allow":["GET"]}}],"collection":[{"href":"https:\/\/webciudadana.net\/index.php?rest_route=\/wp\/v2\/posts"}],"about":[{"href":"https:\/\/webciudadana.net\/index.php?rest_route=\/wp\/v2\/types\/post"}],"author":[{"embeddable":true,"href":"https:\/\/webciudadana.net\/index.php?rest_route=\/wp\/v2\/users\/1"}],"replies":[{"embeddable":true,"href":"https:\/\/webciudadana.net\/index.php?rest_route=%2Fwp%2Fv2%2Fcomments&post=58759"}],"version-history":[{"count":0,"href":"https:\/\/webciudadana.net\/index.php?rest_route=\/wp\/v2\/posts\/58759\/revisions"}],"wp:attachment":[{"href":"https:\/\/webciudadana.net\/index.php?rest_route=%2Fwp%2Fv2%2Fmedia&parent=58759"}],"wp:term":[{"taxonomy":"category","embeddable":true,"href":"https:\/\/webciudadana.net\/index.php?rest_route=%2Fwp%2Fv2%2Fcategories&post=58759"},{"taxonomy":"post_tag","embeddable":true,"href":"https:\/\/webciudadana.net\/index.php?rest_route=%2Fwp%2Fv2%2Ftags&post=58759"}],"curies":[{"name":"wp","href":"https:\/\/api.w.org\/{rel}","templated":true}]}}