{"id":58797,"date":"2025-01-27T13:39:59","date_gmt":"2025-01-27T12:39:59","guid":{"rendered":"https:\/\/ticker-noticiasep.microcontenidos.com\/NoticiaRSS.vbhtml?user=FRND562DLP&amp;cod=20250127133959"},"modified":"2025-01-27T13:39:59","modified_gmt":"2025-01-27T12:39:59","slug":"mundo-gala-del-festival-de-primavera-2025-de-cctv4","status":"publish","type":"post","link":"https:\/\/webciudadana.net\/?p=58797","title":{"rendered":"Mundo: Gala del \u00abFestival de Primavera 2025\u00bb de CCTV4"},"content":{"rendered":"\n<div><img decoding=\"async\" src=\"https:\/\/img.europapress.es\/fotoweb\/fotonoticia_20250127133959_300.jpg\" class=\"ff-og-image-inserted\"><\/div>\n<p>(Informaci\u00f3n remitida por la empresa firmante)<\/p>\n<p>\nUna celebraci\u00f3n mundial para el pueblo chino en todas partes<\/p>\n<p>\nBEIJING, 27 de enero de 2025 \/PRNewswire\/ &#8212; Este a\u00f1o, el Festival de Primavera ser\u00e1 el primero desde que estas celebraciones tradicionales fueron declaradas Patrimonio Cultural Inmaterial de la Humanidad. China Media Group celebrar\u00e1 la ocasi\u00f3n (el inicio del A\u00f1o de la Serpiente) con una gala especial que destacar\u00e1 la creciente influencia de la festividad en todo el mundo.<\/p>\n<p> El Festival de Primavera de 2025: una celebraci\u00f3n mundial del A\u00f1o Nuevo chino constar\u00e1 de tres cap\u00edtulos: \u00abUna primavera compartida\u00bb, \u00abEl esp\u00edritu de los chinos en el extranjero\u00bb y \u00abSaludos para el A\u00f1o Nuevo\u00bb. Como parte del rico y variado programa, habr\u00e1 canciones y bailes que reflejen la sensaci\u00f3n de nostalgia que sienten los chinos, viejos y j\u00f3venes, que viven en el extranjero, y sus recuerdos de los Festivales de Primavera pasados. Entre los int\u00e9rpretes estar\u00e1n los famosos artistas Tsai Chin y Chiang Yu-Heng. Tambi\u00e9n aparecer\u00e1n representantes de las comunidades chinas en Estados Unidos, Australia y Rusia, as\u00ed como invitados extranjeros que describir\u00e1n las celebraciones del A\u00f1o Nuevo en sus propios pa\u00edses. La creadora de v\u00eddeos cortos Li Ziqi destacar\u00e1 los aspectos tradicionales de la festividad y compartir\u00e1 sus conocimientos \u00fanicos sobre el trabajo de preservaci\u00f3n del patrimonio cultural inmaterial de China.<\/p>\n<p> El Festival de Primavera, que antes se celebraba principalmente en China, es ahora una festividad importante para personas de todo el mundo. El \u00abFestival de la Primavera 2025: una celebraci\u00f3n mundial del A\u00f1o Nuevo chino\u00bb se transmitir\u00e1 a las 7:30 p. m. (hora de Beijing) el 29 de enero en CCTV 4.<\/p>\n<p> Foto &#8211; https:\/\/mma.prnewswire.com\/media\/2606123\/poster_of_The_CCTV4__Festival_of_Spring_2025__Gala_The_CCTV4__Festival_of_Spring_2025__Gala.jpg<\/p>\n<p> View original content:https:\/\/www.prnewswire.com\/news-releases\/gala-del-festival-de-primavera-2025-de-cctv4-302360727.html<\/p>\n","protected":false},"excerpt":{"rendered":"<p>(Informaci\u00f3n remitida por la empresa firmante) Una celebraci\u00f3n mundial para el pueblo chino en todas partes BEIJING, 27 de enero de 2025 \/PRNewswire\/ &#8212; Este a\u00f1o, el Festival de Primavera ser\u00e1 el primero desde que estas celebraciones tradicionales fueron declaradas Patrimonio Cultural Inmaterial de la Humanidad. China Media Group celebrar\u00e1 la ocasi\u00f3n (el inicio del [&hellip;]<\/p>\n","protected":false},"author":1,"featured_media":0,"comment_status":"closed","ping_status":"closed","sticky":false,"template":"","format":"standard","meta":{"footnotes":""},"categories":[2],"tags":[],"class_list":["post-58797","post","type-post","status-publish","format-standard","hentry","category-noticias"],"_links":{"self":[{"href":"https:\/\/webciudadana.net\/index.php?rest_route=\/wp\/v2\/posts\/58797","targetHints":{"allow":["GET"]}}],"collection":[{"href":"https:\/\/webciudadana.net\/index.php?rest_route=\/wp\/v2\/posts"}],"about":[{"href":"https:\/\/webciudadana.net\/index.php?rest_route=\/wp\/v2\/types\/post"}],"author":[{"embeddable":true,"href":"https:\/\/webciudadana.net\/index.php?rest_route=\/wp\/v2\/users\/1"}],"replies":[{"embeddable":true,"href":"https:\/\/webciudadana.net\/index.php?rest_route=%2Fwp%2Fv2%2Fcomments&post=58797"}],"version-history":[{"count":0,"href":"https:\/\/webciudadana.net\/index.php?rest_route=\/wp\/v2\/posts\/58797\/revisions"}],"wp:attachment":[{"href":"https:\/\/webciudadana.net\/index.php?rest_route=%2Fwp%2Fv2%2Fmedia&parent=58797"}],"wp:term":[{"taxonomy":"category","embeddable":true,"href":"https:\/\/webciudadana.net\/index.php?rest_route=%2Fwp%2Fv2%2Fcategories&post=58797"},{"taxonomy":"post_tag","embeddable":true,"href":"https:\/\/webciudadana.net\/index.php?rest_route=%2Fwp%2Fv2%2Ftags&post=58797"}],"curies":[{"name":"wp","href":"https:\/\/api.w.org\/{rel}","templated":true}]}}