{"id":58847,"date":"2025-01-28T15:57:40","date_gmt":"2025-01-28T14:57:40","guid":{"rendered":"https:\/\/ticker-noticiasep.microcontenidos.com\/NoticiaRSS.vbhtml?user=FRND562DLP&amp;cod=20250128155740"},"modified":"2025-01-28T15:57:40","modified_gmt":"2025-01-28T14:57:40","slug":"mundo-estreno-mundial-de-te-pito-o-te-henua-en-el-22o-festival-internacional-de-cine-documental-de-oceania","status":"publish","type":"post","link":"https:\/\/webciudadana.net\/?p=58847","title":{"rendered":"Mundo: Estreno mundial de \u00abTe Pito o Te Henua\u00bb en el 22\u00ba Festival Internacional de Cine Documental de Ocean\u00eda"},"content":{"rendered":"\n<p>(Informaci\u00f3n remitida por la empresa firmante)<\/p>\n<p>\n&#8211;La nueva pel\u00edcula \u00abTe Pito o Te Henua\u00bb (El ombligo del mundo) tendr\u00e1 su estreno mundial en el 22\u00ba Festival Internacional de Cine Documental de Ocean\u00eda <\/p>\n<p>\nLa pel\u00edcula, que compite por el Premio al Mejor Cortometraje Documental, explora la identidad cultural y la estrecha conexi\u00f3n con la tierra y el agua que comparte el Pueblo Rapa Nui.<\/p>\n<p>\nSEATTLE, 28 de enero de 2025 \/PRNewswire\/ &#8212; Estamos encantados de anunciar que \u00abTe Pito o Te Henua\u00bb (El ombligo del mundo) es una selecci\u00f3n oficial para el 22\u00ba Festival Internacional de Cine Documental de Ocean\u00eda (FIFO), que se llevar\u00e1 a cabo del 31 de enero al 9 de febrero de 2025.<\/p>\n<p> El festival se celebrar\u00e1 tanto en l\u00ednea como presencial en Te Fare Tauhiti Nui &#8211; Maison de la Culture en Tahit\u00ed.<\/p>\n<p> \u00abTe Pito o Te Henua\u00bb sigue a la comunidad ind\u00edgena Rapa Nui en la isla de Rapa Nui, tambi\u00e9n conocida como Isla de Pascua, una de las islas habitadas m\u00e1s remotas del mundo, mientras se preparan para albergar su festival cultural m\u00e1s importante, T\u00e3pati Rapa Nui, y reforzar las conexiones profundas con la cultura, el idioma y la tierra.<\/p>\n<p> Dirigido por Martin Kingman y Nils Cowan y coproducido con el Pueblo Rapa Nui a trav\u00e9s de la Municipalidad de Rapa Nui, el documental captura la historia familiar y comunitaria en el coraz\u00f3n del festival al mostrar el incre\u00edble ingenio y complejidad de la cultura Rapa Nui.<\/p>\n<p> \u00abSobrevivimos siendo solo 111 personas. (&#8230;) Estamos aqu\u00ed para continuar este legado; somos el rostro vivo de nuestros antepasados. Y si no nos aferramos a nuestra cultura, se perder\u00e1\u00bb, dijo Lynn Rapu, practicante y promotora de las artes y tradiciones del Pueblo Rapa Nui, que tambi\u00e9n aparece en la pel\u00edcula.<\/p>\n<p> \u00ab&#8216;Te Pito o Te Henua&#8217; es un producto de una profunda colaboraci\u00f3n y es nuestro esfuerzo compartido por mostrar la alegr\u00eda y la unidad del festival Tapati y c\u00f3mo este trabajo se traduce en autodeterminaci\u00f3n, protecci\u00f3n de la tierra y el oc\u00e9ano y revitalizaci\u00f3n cultural entre los j\u00f3venes\u00bb, dijeron los directores en una declaraci\u00f3n conjunta.<\/p>\n<p> El documental es parte de una serie de pel\u00edculas creadas por Wayfinders Circle, una red global de pueblos ind\u00edgenas que trabajan para fortalecer la autodeterminaci\u00f3n en la gesti\u00f3n de sus tierras y territorios, y que mantienen la continuidad cultural y espiritual a trav\u00e9s de la transmisi\u00f3n intergeneracional. Es una coproducci\u00f3n entre los convocantes de Wayfinders Circle (Nia Tero, Pawanka Fund, la Uni\u00f3n Mundial de Practicantes Espirituales Ind\u00edgenas) y el Pueblo Rapa Nui a trav\u00e9s de la Municipalidad de Rapa Nui.<\/p>\n<p> Acerca del Festival Internacional de Cine Documental de Ocean\u00eda <\/p>\n<p>\nDesde 2004, el Festival Internacional de Cine Documental de Ocean\u00eda celebra la riqueza y diversidad de las culturas e historias del Pac\u00edfico, proporcionando una plataforma \u00fanica para descubrir pel\u00edculas que exploran temas contempor\u00e1neos y las tradiciones ancestrales de las islas de Ocean\u00eda.<\/p>\n<p> M\u00e1s informaci\u00f3n sobre \u00abTe Pito o Te Henua.\u00bb<\/p>\n<p>\nVideo &#8212; https:\/\/mma.prnewswire.com\/media\/2607738\/te_pito_o_te_henua__full_length_trailer___downloadable__1080p.mp4<\/p>\n<p>\nLogo &#8212; https:\/\/mma.prnewswire.com\/media\/2477588\/WayfindersCircle_Vertical_Color_RGB_Logo.jpg<\/p>\n<p> View original content:https:\/\/www.prnewswire.com\/news-releases\/estreno-mundial-de-te-pito-o-te-henua-en-el-22-festival-internacional-de-cine-documental-de-oceania-302362150.html<\/p>\n","protected":false},"excerpt":{"rendered":"<p>(Informaci\u00f3n remitida por la empresa firmante) &#8211;La nueva pel\u00edcula \u00abTe Pito o Te Henua\u00bb (El ombligo del mundo) tendr\u00e1 su estreno mundial en el 22\u00ba Festival Internacional de Cine Documental de Ocean\u00eda La pel\u00edcula, que compite por el Premio al Mejor Cortometraje Documental, explora la identidad cultural y la estrecha conexi\u00f3n con la tierra y [&hellip;]<\/p>\n","protected":false},"author":1,"featured_media":0,"comment_status":"closed","ping_status":"closed","sticky":false,"template":"","format":"standard","meta":{"footnotes":""},"categories":[2],"tags":[],"class_list":["post-58847","post","type-post","status-publish","format-standard","hentry","category-noticias"],"_links":{"self":[{"href":"https:\/\/webciudadana.net\/index.php?rest_route=\/wp\/v2\/posts\/58847","targetHints":{"allow":["GET"]}}],"collection":[{"href":"https:\/\/webciudadana.net\/index.php?rest_route=\/wp\/v2\/posts"}],"about":[{"href":"https:\/\/webciudadana.net\/index.php?rest_route=\/wp\/v2\/types\/post"}],"author":[{"embeddable":true,"href":"https:\/\/webciudadana.net\/index.php?rest_route=\/wp\/v2\/users\/1"}],"replies":[{"embeddable":true,"href":"https:\/\/webciudadana.net\/index.php?rest_route=%2Fwp%2Fv2%2Fcomments&post=58847"}],"version-history":[{"count":0,"href":"https:\/\/webciudadana.net\/index.php?rest_route=\/wp\/v2\/posts\/58847\/revisions"}],"wp:attachment":[{"href":"https:\/\/webciudadana.net\/index.php?rest_route=%2Fwp%2Fv2%2Fmedia&parent=58847"}],"wp:term":[{"taxonomy":"category","embeddable":true,"href":"https:\/\/webciudadana.net\/index.php?rest_route=%2Fwp%2Fv2%2Fcategories&post=58847"},{"taxonomy":"post_tag","embeddable":true,"href":"https:\/\/webciudadana.net\/index.php?rest_route=%2Fwp%2Fv2%2Ftags&post=58847"}],"curies":[{"name":"wp","href":"https:\/\/api.w.org\/{rel}","templated":true}]}}