{"id":58853,"date":"2025-01-28T16:47:19","date_gmt":"2025-01-28T15:47:19","guid":{"rendered":"https:\/\/ticker-noticiasep.microcontenidos.com\/NoticiaRSS.vbhtml?user=FRND562DLP&amp;cod=20250128164719"},"modified":"2025-01-28T16:47:19","modified_gmt":"2025-01-28T15:47:19","slug":"sociedad-se-crea-la-1a-red-intercomunitaria-contra-el-suicidio-en-personas-con-discapacidad-y-sus-familias","status":"publish","type":"post","link":"https:\/\/webciudadana.net\/?p=58853","title":{"rendered":"Sociedad: Se crea la 1\u00aa Red Intercomunitaria contra el Suicidio en Personas con Discapacidad y sus familias"},"content":{"rendered":"\n<div><img decoding=\"async\" src=\"https:\/\/img.europapress.es\/fotoweb\/fotonoticia_20250128164719_300.jpg\" class=\"ff-og-image-inserted\"><\/div>\n<p>(Informaci\u00f3n remitida por la empresa firmante)<\/p>\n<p>\nEl convenio, firmado por Claudia Tecglen y el presidente de HM Hospitales, Dr. Juan Abarca Cid\u00f3n, busca fomentar el desarrollo de proyectos para aplicar de forma inmediata los \u00faltimos avances cient\u00edficos en la pr\u00e1ctica cl\u00ednica. El primer programa piloto se realizar\u00e1 en HM Hospitales<\/p>\n<p>\nMadrid, 28 de enero de 2025.- En 2023, 4.116 personas se suicidaron en Espa\u00f1a, una media de 11 al d\u00eda, seg\u00fan la Estad\u00edstica de Defunciones difundida por el INE. Unas escalofriantes estad\u00edsticas en las que no aparecen las personas con discapacidad. De acuerdo con el informe &#8216;El suicido en las personas con discapacidad en Espa\u00f1a&#8217;, elaborado en 2021 por el Observatorio Estatal de la Discapacidad, la tasa de riesgo de suicidio entre las personas con discapacidad fue 1,9 superior en comparaci\u00f3n con las personas sin discapacidad, siendo mayores en los casos de discapacidad por trastorno mental, insuficiencia renal, lesi\u00f3n cerebral y discapacidad f\u00edsica.<\/p>\n<p> Los profesionales de la salud insisten en la importancia de que las investigaciones y las cifras oficiales incorporen esta realidad para concienciar a la sociedad, as\u00ed como destacar la necesidad de brindar a este colectivo una atenci\u00f3n y cuidados que se ajusten a sus necesidades.<\/p>\n<p> Conscientes de este hecho, Fundaci\u00f3n Claudia Tecglen, la asociaci\u00f3n Convives con Espasticidad, HM Hospitales y Fundaci\u00f3n de Investigaci\u00f3n HM Hospitales han unido fuerzas y firmado un acuerdo de colaboraci\u00f3n para implementar un plan de desarrollo de proyectos cuya primera medida es la puesta en marcha de la primera Red Intercomunitaria contra el Suicidio en Personas con Discapacidad y sus Familias. Su objetivo es formar a los profesionales sanitarios en la detecci\u00f3n del suicidio en personas con discapacidad y sus familias con formaciones intensivas y eminentemente pr\u00e1cticas. Este proyecto piloto comenzar\u00e1 en HM Hospitales, concretamente en el Hospital Universitario HM Puerta del Sur de M\u00f3stoles, ya que en este centro se ubica buena parte de los esfuerzos del Grupo por ofrecer servicios de salud mental y tanto las personas con discapacidad como sus familias pasan mucho tiempo en sus instalaciones.<\/p>\n<p> Esta alianza establece un marco de cooperaci\u00f3n, a trav\u00e9s de programas que ser\u00e1n dise\u00f1ados y ejecutados de manera conjunta con el objetivo de ense\u00f1ar a las profesionales herramientas para la detecci\u00f3n del suicidio en personas con discapacidad, de manera que estos lleven a cabo los protocolos necesarios para derivar a los enfermos a los profesionales adecuados para tratarlos. Con esta iniciativa, se espera prevenir el riesgo de suicidio en las personas con y sus familias, gracias a la detecci\u00f3n precoz.<\/p>\n<p> La Dra. Virginia Soler, directora m\u00e9dica de HM Hospitales, destac\u00f3 que \u00abel suicidio en personas con discapacidad es un problema de salud p\u00fablica donde influyen factores como la soledad y las barreras sociales. Este curso piloto busca concienciar y formar a profesionales de la salud, sentando las bases para prevenir el suicidio y atender las necesidades espec\u00edficas de esta poblaci\u00f3n\u00bb.<\/p>\n<p> El primer paso de un largo y necesario camino<\/p>\n<p>\nEste primer programa piloto es el pilar de esta red cuyo objetivo es tener presencia en toda Espa\u00f1a.<\/p>\n<p> El primer a\u00f1o, se espera formar a 125 profesionales sanitarios y se pretende alcanzar 4 hospitales de referencia en atenci\u00f3n a la discapacidad (adicionales al piloto), con un impacto potencial de cobertura del 40% de pacientes con discapacidad y sus familias.<\/p>\n<p> Para Dar\u00edo Fern\u00e1ndez, coordinador adjunto de la iniciativa, \u00abcon este programa abordamos la primera y fundamental medida para prevenir el suicido: el diagn\u00f3stico temprano. El profesional de la salud encontrar\u00e1 e integrar\u00e1 estrategias para hacerlo en el quehacer de su consulta diaria\u00bb.<\/p>\n<p> Dos entidades comprometidas con la discapacidad y la salud mental<\/p>\n<p>\nCon este proyecto, tanto Claudia Tecglen, psic\u00f3loga y Premio Princesa de Girona 2022 en la categor\u00eda Social, como HM Hospitales, reafirman su compromiso con la formaci\u00f3n, la investigaci\u00f3n y la divulgaci\u00f3n como pilares fundamentales para transformar el \u00e1mbito sanitario y mejorar la calidad de vida de un colectivo que precisa unas necesidades de atenci\u00f3n personalizada y espec\u00edfica.<\/p>\n<p> \u00abLas personas con discapacidad y las*familias enfrentamos, d\u00eda a d\u00eda, la soledad, el dolor, el desempleo y la pobreza. La discapacidad es un factor de riesgo para el suicidio y merece una especial atenci\u00f3n. En los profesionales sanitarios con la formaci\u00f3n adecuada encontraremos los mejores aliados frente a la desesperaci\u00f3n y la desesperanza\u00bb, se\u00f1ala Claudia Tecglen, presidenta de la Fundaci\u00f3n hom\u00f3nima.<\/p>\n<p> Por su parte, el Dr. Juan Abarca Cid\u00f3n, presidente de HM Hospitales, explica que \u00abHM Hospitales quiere comprometerse con revertir las tasas de suicidio entre el colectivo de personas con discapacidad, sus familias y sus cuidadores y la mejor manera de hacerlo es mediante la formaci\u00f3n de los*profesionales sanitarios. Para ello, no se puede contar con mejores compa\u00f1eros de viaje que la asociaci\u00f3n Convives con Espasticidad y la Fundaci\u00f3n Claudia Tecglen\u00bb.<\/p>\n<p> Una red, galardonada con 5.000&nbsp;\u20ac en la convocatoria B-Value<\/p>\n<p>\nConvives con Espasticidad, proyecto liderado y fundado por*Claudia Tecglen*-reconocida Premio Princesa de Girona 2022-, y esta Red que busca prevenir el suicidio en personas con discapacidad creando redes de apoyo y detecci\u00f3n temprana, ha recibido 5.000 euros, aportados por la Fundaci\u00f3 Banc Sabadell y la consultor\u00eda de Salto con Red enfocada a potenciar el liderazgo de los equipos. Este programa de transformaci\u00f3n social B-Value, impulsado por Fundaci\u00f3n Banco Sabadell y Fundaci\u00f3n Ship2B, con el respaldo de la Fundaci\u00f3n Juan Entrecanales de Azc\u00e1rate y sus colaboradores, cerr\u00f3 su octava edici\u00f3n.<\/p>\n<p> Contacto<\/p>\n<p>\nNombre contacto: Lucia Duran<\/p>\n<p>\nDescripci\u00f3n contacto: Trescom<\/p>\n<p>\nTel\u00e9fono de contacto: 914 11 58 68<\/p>\n","protected":false},"excerpt":{"rendered":"<p>(Informaci\u00f3n remitida por la empresa firmante) El convenio, firmado por Claudia Tecglen y el presidente de HM Hospitales, Dr. Juan Abarca Cid\u00f3n, busca fomentar el desarrollo de proyectos para aplicar de forma inmediata los \u00faltimos avances cient\u00edficos en la pr\u00e1ctica cl\u00ednica. El primer programa piloto se realizar\u00e1 en HM Hospitales Madrid, 28 de enero de [&hellip;]<\/p>\n","protected":false},"author":1,"featured_media":0,"comment_status":"closed","ping_status":"closed","sticky":false,"template":"","format":"standard","meta":{"footnotes":""},"categories":[2],"tags":[],"class_list":["post-58853","post","type-post","status-publish","format-standard","hentry","category-noticias"],"_links":{"self":[{"href":"https:\/\/webciudadana.net\/index.php?rest_route=\/wp\/v2\/posts\/58853","targetHints":{"allow":["GET"]}}],"collection":[{"href":"https:\/\/webciudadana.net\/index.php?rest_route=\/wp\/v2\/posts"}],"about":[{"href":"https:\/\/webciudadana.net\/index.php?rest_route=\/wp\/v2\/types\/post"}],"author":[{"embeddable":true,"href":"https:\/\/webciudadana.net\/index.php?rest_route=\/wp\/v2\/users\/1"}],"replies":[{"embeddable":true,"href":"https:\/\/webciudadana.net\/index.php?rest_route=%2Fwp%2Fv2%2Fcomments&post=58853"}],"version-history":[{"count":0,"href":"https:\/\/webciudadana.net\/index.php?rest_route=\/wp\/v2\/posts\/58853\/revisions"}],"wp:attachment":[{"href":"https:\/\/webciudadana.net\/index.php?rest_route=%2Fwp%2Fv2%2Fmedia&parent=58853"}],"wp:term":[{"taxonomy":"category","embeddable":true,"href":"https:\/\/webciudadana.net\/index.php?rest_route=%2Fwp%2Fv2%2Fcategories&post=58853"},{"taxonomy":"post_tag","embeddable":true,"href":"https:\/\/webciudadana.net\/index.php?rest_route=%2Fwp%2Fv2%2Ftags&post=58853"}],"curies":[{"name":"wp","href":"https:\/\/api.w.org\/{rel}","templated":true}]}}