{"id":58854,"date":"2025-01-28T15:30:28","date_gmt":"2025-01-28T14:30:28","guid":{"rendered":"https:\/\/ticker-noticiasep.microcontenidos.com\/NoticiaRSS.vbhtml?user=FRND562DLP&amp;cod=20250128153028"},"modified":"2025-01-28T15:30:28","modified_gmt":"2025-01-28T14:30:28","slug":"sociedad-jovenes-de-andalucia-y-canarias-trasladan-a-el-centro-ingles-los-debates-del-parlamento-europeo","status":"publish","type":"post","link":"https:\/\/webciudadana.net\/?p=58854","title":{"rendered":"Sociedad: J\u00f3venes de Andaluc\u00eda y Canarias trasladan a El Centro Ingl\u00e9s los debates del Parlamento Europeo"},"content":{"rendered":"\n<div><img decoding=\"async\" src=\"https:\/\/img.europapress.es\/fotoweb\/fotonoticia_20250128153028_300.jpg\" class=\"ff-og-image-inserted\"><\/div>\n<p>(Informaci\u00f3n remitida por la empresa firmante)<\/p>\n<p>\nEstudiantes de 1\u00ba de Bachillerato y de grados medios de FP, procedentes de diferentes centros de educaci\u00f3n p\u00fablica, concertada y privada de Andaluc\u00eda, Canarias, Ceuta y Melilla han participado del 18 al 20 de enero en la VI Sesi\u00f3n Auton\u00f3mica del Programa de Modelo de Parlamento Europeo<\/p>\n<p>\nEl Puerto de Santa Mar\u00eda, 28 de enero de 2025.- El MEP est\u00e1 organizado por la Asociaci\u00f3n MEP a nivel nacional y el colegio El Centro Ingl\u00e9s en su sesi\u00f3n auton\u00f3mica, con el patrocinio de Sodexo, Caja Rural, Edelvives, Autocares Rico, y M2A, y la colaboraci\u00f3n de El Ayuntamiento de El Puerto de Santa Mar\u00eda, el Ayuntamiento de Jerez y el Museo de la Atalaya de Jerez. En total participaron 19 centros educativos, 16 andaluces y 3 canarios.<\/p>\n<p> Se trata de un debate de referencia a nivel auton\u00f3mico, nacional e internacional, en el que j\u00f3venes estudiantes trabajan en comisiones, realizan debates, propuestas, enmienda y plenos, y buscan consensos sobre temas de inter\u00e9s, a imagen de los que se producen en el Parlamento Europeo. El objetivo es fomentar en ellos la conciencia de ciudadan\u00eda europea y la cultura del discurso parlamentario constructivo para convertirse en verdaderos parlamentarios durante tres d\u00edas.<\/p>\n<p> Entre los temas que se han debatido figuran la autonom\u00eda estrat\u00e9gica energ\u00e9tica, los retos para la cultura y el arte, la cuesti\u00f3n de los acuerdos de la UE con los pa\u00edses vecinos para controlar la migraci\u00f3n, y c\u00f3mo garantizar unos medios de comunicaci\u00f3n libres y plurales en la UE. Las conclusiones de los debates ser\u00e1n elevadas al Parlamento Europeo.<\/p>\n<p> Las jornadas se abrieron el s\u00e1bado 18 en el Auditorio San Miguel en El Puerto de Santa Mar\u00eda, con la intervenci\u00f3n institucional de Isabel Paredes, Delegada Territorial de Educaci\u00f3n de la Junta de Andaluc\u00eda. La sesi\u00f3n de clausura tuvo lugar el lunes 20 de enero en el Museo de la Atalaya de Jerez y cont\u00f3 con la intervenci\u00f3n de la Alcaldesa de Jerez, Mar\u00eda Jos\u00e9 Garc\u00eda-Pelayo, y el Concejal Delegado de Educaci\u00f3n, Jos\u00e9 \u00c1ngel Aparicio. La Asociaci\u00f3n MEP estuvo representada por Ram\u00f3n Rodr\u00edguez, presidente del MEP, y \u00c1gata Tutz\u00f3, coordinadora de MEP Espa\u00f1a.<\/p>\n<p> El director y titular de El Centro Ingl\u00e9s, David Randell, ha mostrado su \u00abhonda satisfacci\u00f3n\u00bb por la celebraci\u00f3n de este evento por sexto a\u00f1o consecutivo. \u00abLos j\u00f3venes vuelven a demostrar sus ganas de participar y aportar en los debates que m\u00e1s interesan a la sociedad y en los retos por delante\u00bb, ha se\u00f1alado.<\/p>\n<p> Contacto<\/p>\n<p>\nNombre contacto: Casandra S\u00e1nchez<\/p>\n<p>\nDescripci\u00f3n contacto: El Centro Ingl\u00e9s \/ publicaciones<\/p>\n<p>\nTel\u00e9fono de contacto: 956 85 05 60<\/p>\n","protected":false},"excerpt":{"rendered":"<p>(Informaci\u00f3n remitida por la empresa firmante) Estudiantes de 1\u00ba de Bachillerato y de grados medios de FP, procedentes de diferentes centros de educaci\u00f3n p\u00fablica, concertada y privada de Andaluc\u00eda, Canarias, Ceuta y Melilla han participado del 18 al 20 de enero en la VI Sesi\u00f3n Auton\u00f3mica del Programa de Modelo de Parlamento Europeo El Puerto [&hellip;]<\/p>\n","protected":false},"author":1,"featured_media":0,"comment_status":"closed","ping_status":"closed","sticky":false,"template":"","format":"standard","meta":{"footnotes":""},"categories":[2],"tags":[],"class_list":["post-58854","post","type-post","status-publish","format-standard","hentry","category-noticias"],"_links":{"self":[{"href":"https:\/\/webciudadana.net\/index.php?rest_route=\/wp\/v2\/posts\/58854","targetHints":{"allow":["GET"]}}],"collection":[{"href":"https:\/\/webciudadana.net\/index.php?rest_route=\/wp\/v2\/posts"}],"about":[{"href":"https:\/\/webciudadana.net\/index.php?rest_route=\/wp\/v2\/types\/post"}],"author":[{"embeddable":true,"href":"https:\/\/webciudadana.net\/index.php?rest_route=\/wp\/v2\/users\/1"}],"replies":[{"embeddable":true,"href":"https:\/\/webciudadana.net\/index.php?rest_route=%2Fwp%2Fv2%2Fcomments&post=58854"}],"version-history":[{"count":0,"href":"https:\/\/webciudadana.net\/index.php?rest_route=\/wp\/v2\/posts\/58854\/revisions"}],"wp:attachment":[{"href":"https:\/\/webciudadana.net\/index.php?rest_route=%2Fwp%2Fv2%2Fmedia&parent=58854"}],"wp:term":[{"taxonomy":"category","embeddable":true,"href":"https:\/\/webciudadana.net\/index.php?rest_route=%2Fwp%2Fv2%2Fcategories&post=58854"},{"taxonomy":"post_tag","embeddable":true,"href":"https:\/\/webciudadana.net\/index.php?rest_route=%2Fwp%2Fv2%2Ftags&post=58854"}],"curies":[{"name":"wp","href":"https:\/\/api.w.org\/{rel}","templated":true}]}}