{"id":58855,"date":"2025-01-28T17:52:39","date_gmt":"2025-01-28T16:52:39","guid":{"rendered":"https:\/\/ticker-noticiasep.microcontenidos.com\/NoticiaRSS.vbhtml?user=FRND562DLP&amp;cod=20250128175239"},"modified":"2025-01-28T17:52:39","modified_gmt":"2025-01-28T16:52:39","slug":"sociedad-la-fideua-de-gandia-atractivo-culinario-en-fitur-y-madrid-fusion-2025","status":"publish","type":"post","link":"https:\/\/webciudadana.net\/?p=58855","title":{"rendered":"Sociedad: La fideu\u00e0 de Gandia, atractivo culinario en Fitur y Madrid Fusi\u00f3n 2025"},"content":{"rendered":"\n<div><img decoding=\"async\" src=\"https:\/\/img.europapress.es\/fotoweb\/fotonoticia_20250128175239_300.jpg\" class=\"ff-og-image-inserted\"><\/div>\n<p>(Informaci\u00f3n remitida por la empresa firmante)<\/p>\n<p>\nEl plato estrella de Gandia, cuyo concurso internacional celebra este a\u00f1o su 50\u00aa edici\u00f3n, protagonista de tres showcookings en Fitur 2025 y Madrid Fusi\u00f3n<\/p>\n<p>\nGand\u00eda, 28 de enero de 2025.- La fideu\u00e1 de Gandia ha deslumbrado en Fitur 2025 y Madrid Fusi\u00f3n, convirti\u00e9ndose en el plato estrella de ambas ferias. Tres showcookings en sendas ferias internacionales, a cargo de los chefs Jos\u00e9 Manuel Navarro, Avelino Alfaro y Amadeo Faus; que captaron la atenci\u00f3n para el paladar del p\u00fablico asistente.<\/p>\n<p> Gandia aprovech\u00f3 estas citas para promocionar su plato hist\u00f3rico, cuyo concurso internacional celebra este a\u00f1o su 50\u00aa edici\u00f3n. En Fitur 2025 tuvo lugar la presentaci\u00f3n oficial del cartel conmemorativo del mismo, obra del reconocido artista Toni Dur\u00e0. El dise\u00f1o rememora el nacimiento de la fideu\u00e0 a bordo de la barca Santa Isabel.<\/p>\n<p> El Concurso Internacional de Fideu\u00e0 de Gandia cumple medio siglo en 2025, consolid\u00e1ndose como una cita imprescindible en el calendario gastron\u00f3mico internacional. Desde sus inicios, este concurso ha sido una plataforma para proyectar la identidad culinaria de Gandia y mantener viva la tradici\u00f3n de su receta m\u00e1s ic\u00f3nica.<\/p>\n<p> La edici\u00f3n de 2025 estar\u00e1 marcada por novedades. Por primera vez, el concurso se celebrar\u00e1 en horario de tarde-noche el pr\u00f3ximo 5 de junio, y estar\u00e1 seguido por la feria gastron\u00f3mica Tasta Gandia, que tendr\u00e1 lugar del 6 al 8 de junio en el Moll dels Borja.<\/p>\n<p> Adem\u00e1s, se realizar\u00e1n dos semifinales fuera de Gandia: una en Mieres (Asturias) y otra en Osaka (Jap\u00f3n). Para esta edici\u00f3n tambi\u00e9n se est\u00e1 editando un libro conmemorativo que recopilar\u00e1 la historia de los 50 a\u00f1os del concurso.<\/p>\n<p> Los aromas y sabores del plato insignia de la ciudad han confirmado el atractivo de este plato, que contin\u00faa siendo un embajador clave de la cultura gastron\u00f3mica gandiense.<\/p>\n<p> Madrid Fusi\u00f3n 2025<\/p>\n<p>\nTras el \u00e9xito en Fitur, la fideu\u00e0 de Gandia continu\u00f3 su recorrido en Madrid Fusi\u00f3n 2025, el congreso gastron\u00f3mico internacional que se celebra en la capital de Espa\u00f1a.<\/p>\n<p> El chef Amadeo Faus realiz\u00f3 un showcooking de fideu\u00e0 de Gandia donde tambi\u00e9n se puso en valor la importancia del producto fresco y de kil\u00f3metro 0 como bases fundamental para conseguir un plato de calidad.<\/p>\n<p> Contacto<\/p>\n<p>\nNombre contacto: Comunicaci\u00f3n<\/p>\n<p>\nDescripci\u00f3n contacto: Magerit Marketing<\/p>\n<p>\nTel\u00e9fono de contacto: 960307130<\/p>\n","protected":false},"excerpt":{"rendered":"<p>(Informaci\u00f3n remitida por la empresa firmante) El plato estrella de Gandia, cuyo concurso internacional celebra este a\u00f1o su 50\u00aa edici\u00f3n, protagonista de tres showcookings en Fitur 2025 y Madrid Fusi\u00f3n Gand\u00eda, 28 de enero de 2025.- La fideu\u00e1 de Gandia ha deslumbrado en Fitur 2025 y Madrid Fusi\u00f3n, convirti\u00e9ndose en el plato estrella de ambas [&hellip;]<\/p>\n","protected":false},"author":1,"featured_media":0,"comment_status":"closed","ping_status":"closed","sticky":false,"template":"","format":"standard","meta":{"footnotes":""},"categories":[2],"tags":[],"class_list":["post-58855","post","type-post","status-publish","format-standard","hentry","category-noticias"],"_links":{"self":[{"href":"https:\/\/webciudadana.net\/index.php?rest_route=\/wp\/v2\/posts\/58855","targetHints":{"allow":["GET"]}}],"collection":[{"href":"https:\/\/webciudadana.net\/index.php?rest_route=\/wp\/v2\/posts"}],"about":[{"href":"https:\/\/webciudadana.net\/index.php?rest_route=\/wp\/v2\/types\/post"}],"author":[{"embeddable":true,"href":"https:\/\/webciudadana.net\/index.php?rest_route=\/wp\/v2\/users\/1"}],"replies":[{"embeddable":true,"href":"https:\/\/webciudadana.net\/index.php?rest_route=%2Fwp%2Fv2%2Fcomments&post=58855"}],"version-history":[{"count":0,"href":"https:\/\/webciudadana.net\/index.php?rest_route=\/wp\/v2\/posts\/58855\/revisions"}],"wp:attachment":[{"href":"https:\/\/webciudadana.net\/index.php?rest_route=%2Fwp%2Fv2%2Fmedia&parent=58855"}],"wp:term":[{"taxonomy":"category","embeddable":true,"href":"https:\/\/webciudadana.net\/index.php?rest_route=%2Fwp%2Fv2%2Fcategories&post=58855"},{"taxonomy":"post_tag","embeddable":true,"href":"https:\/\/webciudadana.net\/index.php?rest_route=%2Fwp%2Fv2%2Ftags&post=58855"}],"curies":[{"name":"wp","href":"https:\/\/api.w.org\/{rel}","templated":true}]}}