{"id":58863,"date":"2025-01-29T09:20:03","date_gmt":"2025-01-29T08:20:03","guid":{"rendered":"https:\/\/ticker-noticiasep.microcontenidos.com\/NoticiaRSS.vbhtml?user=FRND562DLP&amp;cod=20250129092003"},"modified":"2025-01-29T09:20:03","modified_gmt":"2025-01-29T08:20:03","slug":"e-sensorial-lleva-el-marketing-olfativo-al-stand-de-la-comunidad-valenciana-en-ifema","status":"publish","type":"post","link":"https:\/\/webciudadana.net\/?p=58863","title":{"rendered":"E-Sensorial lleva el marketing olfativo al stand de la Comunidad Valenciana en IFEMA"},"content":{"rendered":"\n<div><img decoding=\"async\" src=\"https:\/\/img.europapress.es\/fotoweb\/fotonoticia_20250129092003_300.jpg\" class=\"ff-og-image-inserted\"><\/div>\n<p>(Informaci\u00f3n remitida por la empresa firmante)<\/p>\n<p>\nE-Sensorial lleva el marketing olfativo al stand de la Comunidad Valenciana en IFEMA<\/p>\n<p>\nMadrid, 29 de enero de 2025.- En el marco de FITUR, la Feria Internacional de Turismo celebrada en IFEMA (Madrid), la empresa de marketing olfativo E-Sensorial ha sido la encargada de llevar la experiencia olfativa al stand de la Comunidad Valenciana. Este a\u00f1o, el pabell\u00f3n valenciano ha destacado no solo por su dise\u00f1o innovador y su oferta tur\u00edstica, sino tambi\u00e9n por la incorporaci\u00f3n de aromas exclusivos que han envuelto a los visitantes en una atm\u00f3sfera multisensorial \u00fanica.<\/p>\n<p> Innovaci\u00f3n sensorial para el turismo<\/p>\n<p>\n*E-Sensorial, reconocido por su liderazgo en la creaci\u00f3n de experiencias olfativas personalizadas, ha dise\u00f1ado y aplicado una serie de fragancias espec\u00edficas para este evento. Estos aromas han sido cuidadosamente seleccionados para evocar la esencia de la Comunidad Valenciana con las notas c\u00edtricas que remiten a los naranjos en flor.<\/p>\n<p> Seg\u00fan representantes de E-Sensorial, el objetivo principal era \u00abamplificar la conexi\u00f3n emocional de los visitantes con la Comunidad Valenciana, generando una experiencia memorable que trascienda lo visual\u00bb. De esta manera, el stand no solo ha sido un lugar para observar, sino tambi\u00e9n para sentir y conectar con el destino a trav\u00e9s del sentido del olfato, uno de los m\u00e1s potentes en la memoria.<\/p>\n<p> Aromas que reflejan la identidad valenciana<\/p>\n<p>\n*El equipo de E-Sensorial ha trabajado en estrecha colaboraci\u00f3n con los organizadores del stand para desarrollar fragancias que reflejen la identidad cultural y natural de la regi\u00f3n. Entre los aromas destacados se encuentra Flor de Azahar. Un homenaje a los campos de naranjos, esta fragancia dulce y floral simboliza la tradici\u00f3n agr\u00edcola de la regi\u00f3n.<\/p>\n<p> Un \u00e9xito sensorial en FITUR<\/p>\n<p>\n*El stand de la Comunidad Valenciana ha recibido una gran afluencia de visitantes durante los d\u00edas de la feria, y muchos de ellos han destacado el impacto positivo de la aromatizaci\u00f3n. \u00abEs como si estuvieras all\u00ed, en la playa o paseando por un campo de naranjos. Es una experiencia que involucra todos los sentidos\u00bb, coment\u00f3 uno de los asistentes.<\/p>\n<p> Adem\u00e1s, esta apuesta por la innovaci\u00f3n sensorial ha generado un inter\u00e9s significativo entre los profesionales del sector tur\u00edstico presentes en FITUR, quienes ven en esta iniciativa una manera m\u00e1s inmersiva.<\/p>\n<p> E-Sensorial: pioneros en Marketing Olfativo<\/p>\n<p>\n*La empresa E-Sensorial lleva a\u00f1os posicion\u00e1ndose como referente en el \u00e1mbito del marketing olfativo. Su enfoque se centra en personalizar aromas para marcas, espacios y eventos, con el fin de potenciar el recuerdo y la experiencia de los consumidores.<\/p>\n<p> El proyecto realizado para el stand de la Comunidad Valenciana es un ejemplo perfecto de c\u00f3mo el marketing olfativo puede integrarse en eventos de gran envergadura, generando un impacto duradero en los visitantes.<\/p>\n<p> Hacia un turismo m\u00e1s experiencial<\/p>\n<p>\n*La participaci\u00f3n de E-Sensorial en FITUR subraya una tendencia creciente en el sector tur\u00edstico: la apuesta por experiencias m\u00e1s inmersivas y multisensoriales. Los viajeros ya no buscan solo destinos, sino vivencias que quedan grabadas en su memoria. En este sentido, iniciativas como la aromatizaci\u00f3n del stand de la Comunidad Valenciana refuerzan la imagen de la regi\u00f3n como un destino innovador, acogedor y con una identidad \u00fanica.<\/p>\n<p> Con este enfoque, la Comunidad Valenciana y E-Sensorial han demostrado que el turismo del futuro pasa por conquistar todos los sentidos, creando experiencias que los visitantes recordar\u00e1n mucho despu\u00e9s de abandonar la feria.<\/p>\n<p> Emisor: E-sensorial<\/p>\n<p>\nContacto<\/p>\n<p>\nNombre contacto: David Gonzalo<\/p>\n<p>\nDescripci\u00f3n contacto: E-sensorial<\/p>\n<p>\nTel\u00e9fono de contacto: 696461827<\/p>\n","protected":false},"excerpt":{"rendered":"<p>(Informaci\u00f3n remitida por la empresa firmante) E-Sensorial lleva el marketing olfativo al stand de la Comunidad Valenciana en IFEMA Madrid, 29 de enero de 2025.- En el marco de FITUR, la Feria Internacional de Turismo celebrada en IFEMA (Madrid), la empresa de marketing olfativo E-Sensorial ha sido la encargada de llevar la experiencia olfativa al [&hellip;]<\/p>\n","protected":false},"author":1,"featured_media":0,"comment_status":"closed","ping_status":"closed","sticky":false,"template":"","format":"standard","meta":{"footnotes":""},"categories":[2],"tags":[],"class_list":["post-58863","post","type-post","status-publish","format-standard","hentry","category-noticias"],"_links":{"self":[{"href":"https:\/\/webciudadana.net\/index.php?rest_route=\/wp\/v2\/posts\/58863","targetHints":{"allow":["GET"]}}],"collection":[{"href":"https:\/\/webciudadana.net\/index.php?rest_route=\/wp\/v2\/posts"}],"about":[{"href":"https:\/\/webciudadana.net\/index.php?rest_route=\/wp\/v2\/types\/post"}],"author":[{"embeddable":true,"href":"https:\/\/webciudadana.net\/index.php?rest_route=\/wp\/v2\/users\/1"}],"replies":[{"embeddable":true,"href":"https:\/\/webciudadana.net\/index.php?rest_route=%2Fwp%2Fv2%2Fcomments&post=58863"}],"version-history":[{"count":0,"href":"https:\/\/webciudadana.net\/index.php?rest_route=\/wp\/v2\/posts\/58863\/revisions"}],"wp:attachment":[{"href":"https:\/\/webciudadana.net\/index.php?rest_route=%2Fwp%2Fv2%2Fmedia&parent=58863"}],"wp:term":[{"taxonomy":"category","embeddable":true,"href":"https:\/\/webciudadana.net\/index.php?rest_route=%2Fwp%2Fv2%2Fcategories&post=58863"},{"taxonomy":"post_tag","embeddable":true,"href":"https:\/\/webciudadana.net\/index.php?rest_route=%2Fwp%2Fv2%2Ftags&post=58863"}],"curies":[{"name":"wp","href":"https:\/\/api.w.org\/{rel}","templated":true}]}}