{"id":58867,"date":"2025-01-29T09:51:40","date_gmt":"2025-01-29T08:51:40","guid":{"rendered":"https:\/\/ticker-noticiasep.microcontenidos.com\/NoticiaRSS.vbhtml?user=FRND562DLP&amp;cod=20250129095140"},"modified":"2025-01-29T09:51:40","modified_gmt":"2025-01-29T08:51:40","slug":"sociedad-vallsur-se-ilumina-de-color-verde-durante-el-mes-de-febrero-para-conmemorar-el-dia-mundial-contra-el-cancer","status":"publish","type":"post","link":"https:\/\/webciudadana.net\/?p=58867","title":{"rendered":"Sociedad: Vallsur se ilumina de color verde durante el mes de febrero para conmemorar el D\u00eda Mundial contra el C\u00e1ncer"},"content":{"rendered":"\n<div><img decoding=\"async\" src=\"https:\/\/img.europapress.es\/fotoweb\/fotonoticia_20250129095140_300.jpg\" class=\"ff-og-image-inserted\"><\/div>\n<p>(Informaci\u00f3n remitida por la empresa firmante)<\/p>\n<p> Valladolid, 29 de enero de 2025.- El pr\u00f3ximo d\u00eda 4 de febrero se conmemora el D\u00eda Mundial contra el C\u00e1ncer y con motivo de esta fecha, Vallsur iluminar\u00e1 el centro comercial de color verde durante todo el mes de febrero, en se\u00f1al de apoyo a las personas que padecen esta enfermedad.<\/p>\n<p> El centro comercial vallisoletano se suma as\u00ed un a\u00f1o m\u00e1s a las acciones de concienciaci\u00f3n y sensibilizaci\u00f3n puestas en marcha por la Asociaci\u00f3n Espa\u00f1ola Contra el C\u00e1ncer en Valladolid, que este a\u00f1o pretende que todo febrero se convierte en el mes contra el c\u00e1ncer.<\/p>\n<p> Para dar comienzo a este mes de visibilizaci\u00f3n, durante el d\u00eda 31 de enero todos los trabajadores de Vallsur llevar\u00e1n un brazalete de esperanza, un gesto simb\u00f3lico con el objetivo de mostrar su implicaci\u00f3n y apoyo con los pacientes de esta patolog\u00eda. Adem\u00e1s, los d\u00edas 13 y 14 de febrero, la AECC habilitar\u00e1 en el centro comercial un punto de venta de diferentes productos solidarios cuya recaudaci\u00f3n ir\u00e1 destinada \u00edntegramente a la asociaci\u00f3n para colaborar en la mejora de vida de las personas con c\u00e1ncer.<\/p>\n<p> Con esta campa\u00f1a, el objetivo de la AECC es poner en valor el esfuerzo de la Sociedad Espa\u00f1ola para disminuir el impacto del c\u00e1ncer y mejorar la calidad de vida de las personas, para de esta manera alcanzar el 70% de supervivencia en c\u00e1ncer en 2030, gracias a la apuesta por la investigaci\u00f3n, la prevenci\u00f3n y el apoyo a pacientes y familiares.<\/p>\n<p> Sobre Vallsur &#8211; www.vallsur.com <\/p>\n<p> Desde su apertura, el centro comercial Vallsur, gestionado por CBRE REAL ESTATE, se ha convertido en un referente en la ciudad de Valladolid. Con una superficie de 35.160 m2, m\u00e1s de 90 tiendas y 2.000 plazas de aparcamiento, el centro pone a disposici\u00f3n de sus clientes una gran oferta de servicios cuyo objetivo es satisfacer todas sus necesidades. Adem\u00e1s, Vallsur tiene una clara pol\u00edtica de compromiso en el medio ambiente, tal y como demuestra su sistema de gesti\u00f3n ambiental de acuerdo a la normativa ISO 14001:2004.<\/p>\n<p> Para m\u00e1s informaci\u00f3n o gesti\u00f3n de entrevistas: <\/p>\n<p> AGENCIA DE COMUNICACI\u00d3N DE VALLSUR: <\/p>\n<p> europa press Comunicaci\u00f3n &#8211; 91 359 26 00 <\/p>\n<p> LETICIA G\u00d3MEZ &#8211; leticiagomez@europapress.es<\/p>\n<p> SILVIA MULLOR &#8211; silviamullor@europapress.es <\/p>\n","protected":false},"excerpt":{"rendered":"<p>(Informaci\u00f3n remitida por la empresa firmante) Valladolid, 29 de enero de 2025.- El pr\u00f3ximo d\u00eda 4 de febrero se conmemora el D\u00eda Mundial contra el C\u00e1ncer y con motivo de esta fecha, Vallsur iluminar\u00e1 el centro comercial de color verde durante todo el mes de febrero, en se\u00f1al de apoyo a las personas que padecen [&hellip;]<\/p>\n","protected":false},"author":1,"featured_media":0,"comment_status":"closed","ping_status":"closed","sticky":false,"template":"","format":"standard","meta":{"footnotes":""},"categories":[2],"tags":[],"class_list":["post-58867","post","type-post","status-publish","format-standard","hentry","category-noticias"],"_links":{"self":[{"href":"https:\/\/webciudadana.net\/index.php?rest_route=\/wp\/v2\/posts\/58867","targetHints":{"allow":["GET"]}}],"collection":[{"href":"https:\/\/webciudadana.net\/index.php?rest_route=\/wp\/v2\/posts"}],"about":[{"href":"https:\/\/webciudadana.net\/index.php?rest_route=\/wp\/v2\/types\/post"}],"author":[{"embeddable":true,"href":"https:\/\/webciudadana.net\/index.php?rest_route=\/wp\/v2\/users\/1"}],"replies":[{"embeddable":true,"href":"https:\/\/webciudadana.net\/index.php?rest_route=%2Fwp%2Fv2%2Fcomments&post=58867"}],"version-history":[{"count":0,"href":"https:\/\/webciudadana.net\/index.php?rest_route=\/wp\/v2\/posts\/58867\/revisions"}],"wp:attachment":[{"href":"https:\/\/webciudadana.net\/index.php?rest_route=%2Fwp%2Fv2%2Fmedia&parent=58867"}],"wp:term":[{"taxonomy":"category","embeddable":true,"href":"https:\/\/webciudadana.net\/index.php?rest_route=%2Fwp%2Fv2%2Fcategories&post=58867"},{"taxonomy":"post_tag","embeddable":true,"href":"https:\/\/webciudadana.net\/index.php?rest_route=%2Fwp%2Fv2%2Ftags&post=58867"}],"curies":[{"name":"wp","href":"https:\/\/api.w.org\/{rel}","templated":true}]}}