{"id":58985,"date":"2025-02-03T13:18:07","date_gmt":"2025-02-03T12:18:07","guid":{"rendered":"https:\/\/ticker-noticiasep.microcontenidos.com\/NoticiaRSS.vbhtml?user=FRND562DLP&amp;cod=20250203131807"},"modified":"2025-02-03T13:18:07","modified_gmt":"2025-02-03T12:18:07","slug":"sociedad-el-estado-mexicano-de-veracruz-deja-huella-en-fitur-2025","status":"publish","type":"post","link":"https:\/\/webciudadana.net\/?p=58985","title":{"rendered":"Sociedad: El Estado Mexicano de Veracruz deja huella en FITUR 2025"},"content":{"rendered":"\n<div><img decoding=\"async\" src=\"https:\/\/img.europapress.es\/fotoweb\/fotonoticia_20250203131807_300.jpg\" class=\"ff-og-image-inserted\"><\/div>\n<p>(Informaci\u00f3n remitida por la empresa firmante)<\/p>\n<p>\nEn el marco de FITUR 2025, uno de los estados m\u00e1s emblem\u00e1ticos de M\u00e9xico, Veracruz,* ha dejado una profunda huella en Espa\u00f1a. Bajo el lema &#8216;Veracruz est\u00e1 de moda&#8217;, la delegaci\u00f3n veracruzana ha presentado la riqueza cultural, natural y gastron\u00f3mica que hace \u00fanico a este estado, posicion\u00e1ndolo como un destino de excelencia en el \u00e1mbito internacional<\/p>\n<p>\nMadrid, 3 de febrero de 2025.- La participaci\u00f3n de Veracruz en FITUR 2025 ha destacado por mostrar la cultura m\u00e1s profunda y ancestral de M\u00e9xico, con elementos que combinan tradici\u00f3n, modernidad y un legado inigualable. Desde sus magn\u00edficos paisajes naturales con playas, cascadas y r\u00edos que atraviesan valles y monta\u00f1as, hasta su magia y misticismo, Veracruz ha logrado capturar la esencia de su pueblo alegre y cordial.<\/p>\n<p> Adem\u00e1s, los artesanos y artesanas de Veracruz han cautivado a los asistentes con su habilidad para dise\u00f1ar y portar trajes artesanales espl\u00e9ndidos, una muestra tangible de la riqueza cultural del estado.<\/p>\n<p> Un espect\u00e1culo cultural sin precedentes<\/p>\n<p>\nDurante el evento de inauguraci\u00f3n de la participaci\u00f3n de Veracruz en FITUR 2025, encabezado por la Gobernadora de Veracruz, Roc\u00edo Nahle Garc\u00eda, la delegaci\u00f3n veracruzana brind\u00f3 un espect\u00e1culo \u00fanico que destac\u00f3 por su autenticidad y folclore:<\/p>\n<p>\n\u00b7 La impresionante ceremonia de los Voladores de Papantla, Patrimonio Cultural Inmaterial de la Humanidad, que deslumbr\u00f3 a los asistentes con su majestuosidad.<\/p>\n<p>\n\u00b7 Presentaciones de huahuas, jaraneros, jarochas y m\u00fasicos tradicionales, que llevaron los sonidos y colores del son jarocho hasta Europa.<\/p>\n<p>\n\u00b7 Una r\u00e9plica exacta del legendario Caf\u00e9 de La Parroquia, donde los visitantes han podido disfrutar del tradicional lechero (caf\u00e9 con leche al estilo veracruzano) acompa\u00f1ado de las populares bombas dulces, una poes\u00eda improvisada que ha encantado a cuantas personas se han animado a probarlas.<\/p>\n<p> Veracruz est\u00e1 de moda<\/p>\n<p>\nTal y como ha expresado Roc\u00edo Nahle durante las jornadas de FITUR, \u00abVeracruz no es solo un destino tur\u00edstico, es una experiencia que se vive con los sentidos y el coraz\u00f3n. Desde una inigualable gastronom\u00eda hasta los paisajes naturales y tradiciones ancestrales, desde Veracruz han venido a mostrarle al mundo el patrimonio de su estado. Hoy, m\u00e1s que nunca, Veracruz est\u00e1 de moda\u00bb<\/p>\n<p>\nLa presencia de Veracruz en FITUR no solo consolida el compromiso de promover su riqueza cultural y natural, sino tambi\u00e9n de posicionar al estado como un destino clave para el turismo internacional, atrayendo a visitantes de todo el mundo, especialmente del mercado europeo.<\/p>\n<p> Veracruz: una experiencia Inolvidable<\/p>\n<p>\nAsimismo, la participaci\u00f3n en FITUR 2025 es un ejemplo del resurgir de Veracruz como un referente en turismo cultural, ecol\u00f3gico y gastron\u00f3mico. La magia, el folclore y la calidez de su gente han reafirmado que este estado mexicano es una joya \u00fanica en el mapa mundial.<\/p>\n<p> Contacto<\/p>\n<p>\nNombre contacto: Jorge San Antonio<\/p>\n<p>\nDescripci\u00f3n contacto: CORPORACION COMUNICACION IBEROAMERICANA<\/p>\n<p>\nTel\u00e9fono de contacto: 91 575 7121*<\/p>\n","protected":false},"excerpt":{"rendered":"<p>(Informaci\u00f3n remitida por la empresa firmante) En el marco de FITUR 2025, uno de los estados m\u00e1s emblem\u00e1ticos de M\u00e9xico, Veracruz,* ha dejado una profunda huella en Espa\u00f1a. Bajo el lema &#8216;Veracruz est\u00e1 de moda&#8217;, la delegaci\u00f3n veracruzana ha presentado la riqueza cultural, natural y gastron\u00f3mica que hace \u00fanico a este estado, posicion\u00e1ndolo como un [&hellip;]<\/p>\n","protected":false},"author":1,"featured_media":0,"comment_status":"closed","ping_status":"closed","sticky":false,"template":"","format":"standard","meta":{"footnotes":""},"categories":[2],"tags":[],"class_list":["post-58985","post","type-post","status-publish","format-standard","hentry","category-noticias"],"_links":{"self":[{"href":"https:\/\/webciudadana.net\/index.php?rest_route=\/wp\/v2\/posts\/58985","targetHints":{"allow":["GET"]}}],"collection":[{"href":"https:\/\/webciudadana.net\/index.php?rest_route=\/wp\/v2\/posts"}],"about":[{"href":"https:\/\/webciudadana.net\/index.php?rest_route=\/wp\/v2\/types\/post"}],"author":[{"embeddable":true,"href":"https:\/\/webciudadana.net\/index.php?rest_route=\/wp\/v2\/users\/1"}],"replies":[{"embeddable":true,"href":"https:\/\/webciudadana.net\/index.php?rest_route=%2Fwp%2Fv2%2Fcomments&post=58985"}],"version-history":[{"count":0,"href":"https:\/\/webciudadana.net\/index.php?rest_route=\/wp\/v2\/posts\/58985\/revisions"}],"wp:attachment":[{"href":"https:\/\/webciudadana.net\/index.php?rest_route=%2Fwp%2Fv2%2Fmedia&parent=58985"}],"wp:term":[{"taxonomy":"category","embeddable":true,"href":"https:\/\/webciudadana.net\/index.php?rest_route=%2Fwp%2Fv2%2Fcategories&post=58985"},{"taxonomy":"post_tag","embeddable":true,"href":"https:\/\/webciudadana.net\/index.php?rest_route=%2Fwp%2Fv2%2Ftags&post=58985"}],"curies":[{"name":"wp","href":"https:\/\/api.w.org\/{rel}","templated":true}]}}