{"id":58991,"date":"2025-02-03T13:51:43","date_gmt":"2025-02-03T12:51:43","guid":{"rendered":"https:\/\/ticker-noticiasep.microcontenidos.com\/NoticiaRSS.vbhtml?user=FRND562DLP&amp;cod=20250203135143"},"modified":"2025-02-03T13:51:43","modified_gmt":"2025-02-03T12:51:43","slug":"sociedad-alphanet-apoya-el-congreso-anual-de-la-accpolc","status":"publish","type":"post","link":"https:\/\/webciudadana.net\/?p=58991","title":{"rendered":"Sociedad: Alphanet apoya el Congreso Anual de la ACCPOLC"},"content":{"rendered":"\n<p>(Informaci\u00f3n remitida por la empresa firmante)<\/p>\n<p>\nOrganizado por la Asociaci\u00f3n de Jefes y Mandos de Polic\u00eda Local de Catalunya, es uno de los eventos de seguridad ciudadana m\u00e1s relevantes del pa\u00eds<\/p>\n<p>\nMatar\u00f3, 3 de febrero de 2025.- Alphanet, empresa especializada en soluciones tecnol\u00f3gicas de seguridad ciudadana, movilidad y medioambiente, apoya un a\u00f1o m\u00e1s el Congreso Anual de la Asociaci\u00f3n de Jefes y Mandos de Polic\u00eda Local de Catalunya (ACCPOLC), uno de los eventos de seguridad ciudadana m\u00e1s relevantes del pa\u00eds que contar\u00e1 con la asistencia de autoridades como N\u00faria Parlon, consellera de Interior y Seguridad P\u00fablica de la Generalitat de Catalunya.<\/p>\n<p> El acto se celebra ma\u00f1ana martes en el Teatre de La Passi\u00f3 de Olesa de Montserrat a partir de las 9h y estar\u00e1 conducido por David Puertas, inspector jefe de la Polic\u00eda Local de Platja d&#8217;Aro. Por su parte, Jordi Altarriba, inspector jefe de la Polic\u00eda Local de Sitges, e Isaac Aymerich, inspector jefe de la Polic\u00eda Local de Olesa de Montserrat, inaugurar\u00e1n la jornada.<\/p>\n<p> La jornada se extender\u00e1 hasta las 18.30h e incluir\u00e1 dos mesas redondas, momentos de networking y, como cada a\u00f1o, una entrega de reconocimientos y distinciones. Adem\u00e1s, la clausura correr\u00e1 a cargo de N\u00faria Parlon y de Jordi Parent, alcalde de Olesa de Montserrat.<\/p>\n<p> La seguridad local y el papel de la polic\u00eda local, a debate<\/p>\n<p>\nLa primera de las mesas redondas se titula \u00abOtras visiones de la seguridad local\u00bb y contar\u00e1 con ponencias de Joaqu\u00edn Cruz, capit\u00e1n de la Guardia Civil de Salou; Carlos Daniel Gavilanes, jefe del \u00c1rea Regional del Servicio de Vigilancia Aduanera de la Agencia Tributaria; Jaime Pazos, delegado regional en Catalunya de Securitas, y de Carlos Villagr\u00e1, jefe de la Brigada Provincial de Seguridad y Protecci\u00f3n de Tarragona. Jordi Mar\u00edn, inspector jefe de la Polic\u00eda Local de Cubelles, moderar\u00e1 el debate.<\/p>\n<p> Al mediod\u00eda se celebrar\u00e1 una segunda mesa redonda conducida por Raquel L\u00f3pez, inspectora jefe de la Polic\u00eda Local de Valls. Bajo el t\u00edtulo \u00abLey 16\/91: pasado, presente y futuro de la Polic\u00eda Local en el sistema de seguridad p\u00fablica de Catalunya\u00bb, contar\u00e1 con Daniel Limones, director general de Coordinaci\u00f3n de las Polic\u00edas Locales de Catalunya; Josep Llu\u00eds Trapero, director general de la Polic\u00eda de la Generalitat-Mossos d&#8217;Esquadra; Ram\u00f3n Lamiel, director general del Servei Catal\u00e0 de Tr\u00e0nsit; Josep Maria Escarr\u00e9, inspector jefe de la Polic\u00eda Local de Sant Cugat del Vall\u00e8s; Carlos Delgado, presidente de la AGAVMC y jefe del Servicio de Guardia Municipal de \u00d2dena; Miquel \u00c0ngel Marchal, presidente de SUCPOL e inspector jefe de la Polic\u00eda Local de Torredembarra, y Manuel Ruiz, presidente del Sindicato de Mandos de la Polic\u00eda Local de Catalunya (SICPOL).<\/p>\n<p> Sobre Alphanet<\/p>\n<p>\nAlphanet es una empresa tecnol\u00f3gica con sede en Matar\u00f3 especializada en la mejora de la vida municipal a trav\u00e9s de tres \u00e1mbitos: seguridad ciudadana, movilidad y medioambiente. Fundada en 2007, colabora con m\u00e1s de 200 municipios de Catalu\u00f1a proveyendo soluciones innovadoras como AlphaDataManager, la primera plataforma SaaS colaborativa que ayuda a los municipios a aprovechar los datos para elaborar pol\u00edticas p\u00fablicas eficaces.<\/p>\n<p> Para ampliar informaci\u00f3n, gestionar entrevistas o solicitar material gr\u00e1fico:<\/p>\n<p>\nAgencia Beat Content<\/p>\n<p> Javier Rodr\u00edguez &#8211; jrodriguez@agenciabeatcontent.com \/ 932 376 434<\/p>\n<p>\nEmisor: Alphanet<\/p>\n","protected":false},"excerpt":{"rendered":"<p>(Informaci\u00f3n remitida por la empresa firmante) Organizado por la Asociaci\u00f3n de Jefes y Mandos de Polic\u00eda Local de Catalunya, es uno de los eventos de seguridad ciudadana m\u00e1s relevantes del pa\u00eds Matar\u00f3, 3 de febrero de 2025.- Alphanet, empresa especializada en soluciones tecnol\u00f3gicas de seguridad ciudadana, movilidad y medioambiente, apoya un a\u00f1o m\u00e1s el Congreso [&hellip;]<\/p>\n","protected":false},"author":1,"featured_media":0,"comment_status":"closed","ping_status":"closed","sticky":false,"template":"","format":"standard","meta":{"footnotes":""},"categories":[2],"tags":[],"class_list":["post-58991","post","type-post","status-publish","format-standard","hentry","category-noticias"],"_links":{"self":[{"href":"https:\/\/webciudadana.net\/index.php?rest_route=\/wp\/v2\/posts\/58991","targetHints":{"allow":["GET"]}}],"collection":[{"href":"https:\/\/webciudadana.net\/index.php?rest_route=\/wp\/v2\/posts"}],"about":[{"href":"https:\/\/webciudadana.net\/index.php?rest_route=\/wp\/v2\/types\/post"}],"author":[{"embeddable":true,"href":"https:\/\/webciudadana.net\/index.php?rest_route=\/wp\/v2\/users\/1"}],"replies":[{"embeddable":true,"href":"https:\/\/webciudadana.net\/index.php?rest_route=%2Fwp%2Fv2%2Fcomments&post=58991"}],"version-history":[{"count":0,"href":"https:\/\/webciudadana.net\/index.php?rest_route=\/wp\/v2\/posts\/58991\/revisions"}],"wp:attachment":[{"href":"https:\/\/webciudadana.net\/index.php?rest_route=%2Fwp%2Fv2%2Fmedia&parent=58991"}],"wp:term":[{"taxonomy":"category","embeddable":true,"href":"https:\/\/webciudadana.net\/index.php?rest_route=%2Fwp%2Fv2%2Fcategories&post=58991"},{"taxonomy":"post_tag","embeddable":true,"href":"https:\/\/webciudadana.net\/index.php?rest_route=%2Fwp%2Fv2%2Ftags&post=58991"}],"curies":[{"name":"wp","href":"https:\/\/api.w.org\/{rel}","templated":true}]}}