{"id":59543,"date":"2025-02-21T12:21:46","date_gmt":"2025-02-21T11:21:46","guid":{"rendered":"https:\/\/ticker-noticiasep.microcontenidos.com\/NoticiaRSS.vbhtml?user=FRND562DLP&amp;cod=20250221122146"},"modified":"2025-02-21T12:21:46","modified_gmt":"2025-02-21T11:21:46","slug":"los-arcos-culminara-el-evento-el-reino-del-oro-y-el-arbol-magico-con-espectaculos-para-toda-la-familia","status":"publish","type":"post","link":"https:\/\/webciudadana.net\/?p=59543","title":{"rendered":"Los Arcos culminar\u00e1 el evento \u2018El Reino del Oro y el \u00c1rbol M\u00e1gico\u2019 con espect\u00e1culos para toda la familia"},"content":{"rendered":"\n<div><img decoding=\"async\" src=\"https:\/\/img.europapress.es\/fotoweb\/fotonoticia_20250221122146_300.jpg\" class=\"ff-og-image-inserted\"><\/div>\n<p>(Informaci\u00f3n remitida por la empresa firmante)<\/p>\n<p>\nSEVILLA, 21 (EUROPA PRESS)<\/p>\n<p> Los Arcos culminar\u00e1 el evento \u2018El Reino del Oro y el \u00c1rbol M\u00e1gico\u2019 con espect\u00e1culos teatrales para toda la familia que tendr\u00e1n lugar este viernes y s\u00e1bado. El centro comercial sevillano cierra as\u00ed una acci\u00f3n art\u00edstica que ha expuesto piezas artesanales como un Palacio de Oro de cuatro metros de altura o un \u2018\u00c1rbol M\u00e1gico de las manzanas doradas\u2019, al tiempo que ha realizado talleres infantiles, entre otras actividades, durante m\u00e1s de dos semanas.<\/p>\n<p> La jornada comenzar\u00e1 esta tarde, a las 17:00 horas, con \u2018El Reino de Oro y el trono vac\u00edo\u2019, una historia de misterio y fantas\u00eda. Tras este espect\u00e1culo, tendr\u00e1n lugar \u2018Los Aspirantes al trono de Oro\u2019, a las 18:30 horas; \u2018La guardiana, el \u00c1rbol M\u00e1gico y la bestia\u2019, a las 19:30 horas, y la \u2018La Coronaci\u00f3n\u2019, a las 20:30 horas.<\/p>\n<p> De cara al s\u00e1bado, la programaci\u00f3n comenzar\u00e1 desde por la ma\u00f1ana, con \u2018El gran desfile Del Reino de Oro y el \u00c1rbol M\u00e1gico\u2019, a las 12:30 horas. La tarde tambi\u00e9n estar\u00e1 cargada de espect\u00e1culos, con \u2018El Reino de Oro y el trono vac\u00edo\u2019, a las 17:00 horas; \u2018Los Aspirantes al trono de Oro\u2019, a las 18:00 horas; \u2018La guardiana, el \u00c1rbol M\u00e1gico y la bestia\u2019, a las 19:30 horas, y \u2018La Coronaci\u00f3n\u2019, a las 20:30 horas, que pondr\u00e1 el broche de oro al programa. Tras la realizaci\u00f3n de esta \u00faltima actuaci\u00f3n, los personajes recorrer\u00e1n el centro comercial en un colorido pasacalles, donde los ni\u00f1os podr\u00e1n saludarlos y tomarse fotos con ellos.<\/p>\n<p> A trav\u00e9s de la aplicaci\u00f3n de Los Arcos Club, los visitantes podr\u00e1n sellar su pasaporte de asistencia a los espect\u00e1culos para obtener puntos y premios exclusivos, que ir\u00e1n desde los cien puntos club por cada espect\u00e1culo registrado hasta los 500 puntos club en total si se completan todos los registros.<\/p>\n<p> Como parte de la experiencia, los asistentes tambi\u00e9n pueden participar en un sorteo para ganar un lingote de oro real. Para ello, deben activar un reto en la App de Los Arcos, escanear un c\u00f3digo QR que se encuentra en la exposici\u00f3n y completar tres desaf\u00edos, que pasar\u00e1n por resolver un acertijo con preguntas sobre la exposici\u00f3n, superar una prueba de proeza, recolectando manzanas doradas en un juego interactivo, y completar un puzzle dentro de un tiempo l\u00edmite.<\/p>\n<p> SOBRE LOS ARCOS<\/p>\n<p>\nLos Arcos, propiedad de Castellana Properties y gestionado por Cushman &amp; Wakefield, l\u00edder global en servicios inmobiliarios, desarrolla a lo largo del a\u00f1o distintas acciones sociales, ambientales y culturales a fin de mejorar su entorno. La realizaci\u00f3n en sus instalaciones de estas iniciativas forma parte de su responsabilidad social que persigue la mejora de la vida de los sevillanos.<\/p>\n<p> Contacto prensa:<\/p>\n<p>\nLeopoldo Eduardo Alonso Llofriu <\/p>\n<p>\n722 78 40 41 <\/p>\n<p>\nleopoldoalonso@europapress.es<\/p>\n<p>\nVirginia Garc\u00eda<\/p>\n<p>\n679 17 79 45<\/p>\n<p>\nvirginiagarcia@europapress.es<\/p>\n","protected":false},"excerpt":{"rendered":"<p>(Informaci\u00f3n remitida por la empresa firmante) SEVILLA, 21 (EUROPA PRESS) Los Arcos culminar\u00e1 el evento \u2018El Reino del Oro y el \u00c1rbol M\u00e1gico\u2019 con espect\u00e1culos teatrales para toda la familia que tendr\u00e1n lugar este viernes y s\u00e1bado. El centro comercial sevillano cierra as\u00ed una acci\u00f3n art\u00edstica que ha expuesto piezas artesanales como un Palacio de [&hellip;]<\/p>\n","protected":false},"author":1,"featured_media":0,"comment_status":"closed","ping_status":"closed","sticky":false,"template":"","format":"standard","meta":{"footnotes":""},"categories":[2],"tags":[],"class_list":["post-59543","post","type-post","status-publish","format-standard","hentry","category-noticias"],"_links":{"self":[{"href":"https:\/\/webciudadana.net\/index.php?rest_route=\/wp\/v2\/posts\/59543","targetHints":{"allow":["GET"]}}],"collection":[{"href":"https:\/\/webciudadana.net\/index.php?rest_route=\/wp\/v2\/posts"}],"about":[{"href":"https:\/\/webciudadana.net\/index.php?rest_route=\/wp\/v2\/types\/post"}],"author":[{"embeddable":true,"href":"https:\/\/webciudadana.net\/index.php?rest_route=\/wp\/v2\/users\/1"}],"replies":[{"embeddable":true,"href":"https:\/\/webciudadana.net\/index.php?rest_route=%2Fwp%2Fv2%2Fcomments&post=59543"}],"version-history":[{"count":0,"href":"https:\/\/webciudadana.net\/index.php?rest_route=\/wp\/v2\/posts\/59543\/revisions"}],"wp:attachment":[{"href":"https:\/\/webciudadana.net\/index.php?rest_route=%2Fwp%2Fv2%2Fmedia&parent=59543"}],"wp:term":[{"taxonomy":"category","embeddable":true,"href":"https:\/\/webciudadana.net\/index.php?rest_route=%2Fwp%2Fv2%2Fcategories&post=59543"},{"taxonomy":"post_tag","embeddable":true,"href":"https:\/\/webciudadana.net\/index.php?rest_route=%2Fwp%2Fv2%2Ftags&post=59543"}],"curies":[{"name":"wp","href":"https:\/\/api.w.org\/{rel}","templated":true}]}}