{"id":59757,"date":"2025-02-28T13:59:39","date_gmt":"2025-02-28T12:59:39","guid":{"rendered":"https:\/\/ticker-noticiasep.microcontenidos.com\/NoticiaRSS.vbhtml?user=FRND562DLP&amp;cod=20250228135939"},"modified":"2025-02-28T13:59:39","modified_gmt":"2025-02-28T12:59:39","slug":"sociedad-colegio-juan-pablo-ii-de-parla-en-la-mesa-y-en-el-cole-se-descubre-al-caballero","status":"publish","type":"post","link":"https:\/\/webciudadana.net\/?p=59757","title":{"rendered":"Sociedad: Colegio Juan Pablo II de Parla: en la mesa y en el cole se descubre al caballero"},"content":{"rendered":"\n<div><img decoding=\"async\" src=\"https:\/\/img.europapress.es\/fotoweb\/fotonoticia_20250228135939_300.jpg\" class=\"ff-og-image-inserted\"><\/div>\n<p>(Informaci\u00f3n remitida por la empresa firmante)<\/p>\n<p>\nEl comedor Tutorizado llega a la etapa de Primaria del Colegio Juan Pablo II de Parla: un espacio donde los alumnos aprenden a comportarse con educaci\u00f3n en la mesa, a disfrutar de una comida compartida y a conectar con sus tutores en un ambiente distendido, reforzando la convivencia y los buenos h\u00e1bitos<\/p>\n<p>\nMadrid, 28 de febrero de 2025.- El colegio Juan Pablo II de Parla ha puesto en marcha el Comedor Tutorizado, un proyecto educativo que transforma la hora de la comida en una oportunidad para ense\u00f1ar buenos modales, reforzar h\u00e1bitos saludables y fortalecer la relaci\u00f3n entre tutores y alumnos.<\/p>\n<p> En un espacio separado del comedor habitual, cada tutor comparte mesa con su grupo de alumnos, gui\u00e1ndolos en aspectos como la postura al sentarse, el uso correcto de los cubiertos, la conversaci\u00f3n respetuosa y la importancia de disfrutar la comida sin prisas. Pero el objetivo va m\u00e1s all\u00e1 de las normas de etiqueta: se trata de crear un momento de conexi\u00f3n personal en un ambiente distendido.<\/p>\n<p>\n\u00bfPor qu\u00e9 es importante educar en la mesa?<\/p>\n<p>\n*Seg\u00fan un estudio de la American Academy of Pediatrics, los ni\u00f1os que comen en un ambiente estructurado y acompa\u00f1ado no solo adoptan mejores h\u00e1bitos alimenticios, sino que tambi\u00e9n desarrollan habilidades sociales y emocionales clave, como la empat\u00eda, la paciencia y la comunicaci\u00f3n efectiva. Adem\u00e1s, la Harvard Graduate School of Education se\u00f1ala que las comidas compartidas mejoran la autoestima y el rendimiento acad\u00e9mico.<\/p>\n<p> La decisi\u00f3n de implementar esta iniciativa en primaria responde al momento evolutivo de los alumnos: es a esta edad cuando interiorizan mejor las rutinas y desarrollan la autonom\u00eda. Ense\u00f1arles ahora no solo mejora la convivencia en el comedor, sino que tambi\u00e9n les prepara para afrontar la vida con mayor seguridad y respeto por los dem\u00e1s.<\/p>\n<p> \u00abLa educaci\u00f3n no solo se da en el aula. En la mesa, los ni\u00f1os aprenden a compartir, a escuchar y a valorar el momento presente. Es una escuela de vida\u00bb, explica el Coordinador de primer ciclo de primaria del colegio Juan Pablo II de Parla, David Del Castillo.<\/p>\n<p> Pero el impacto de esta iniciativa va m\u00e1s all\u00e1 del momento de la comida. La conexi\u00f3n que se crea entre tutores y alumnos durante el Comedor Tutorizado se traslada al aula, fortaleciendo la confianza y mejorando la comunicaci\u00f3n diaria. Los alumnos se sienten m\u00e1s comprendidos y valorados, lo que repercute positivamente en su actitud hacia el aprendizaje y la convivencia escolar.<\/p>\n<p> Asimismo, esta pr\u00e1ctica promueve la alimentaci\u00f3n consciente, evitando la ingesta apresurada y fomentando la elecci\u00f3n de alimentos saludables. Los tutores aprovechan la oportunidad para hablar sobre la importancia de una dieta equilibrada, ense\u00f1ando a los alumnos a valorar lo que comen y a disfrutar del momento sin distracciones.<\/p>\n<p> En un contexto educativo que cada vez pone m\u00e1s \u00e9nfasis en la formaci\u00f3n integral del alumno, el Comedor Tutorizado se convierte en un pilar clave para el desarrollo de habilidades que no solo benefician su d\u00eda a d\u00eda escolar, sino que tambi\u00e9n les acompa\u00f1ar\u00e1n en su vida familiar y social.<\/p>\n<p> Con este proyecto, el colegio Juan Pablo II de Parla reafirma su compromiso con una educaci\u00f3n completa, donde cada detalle, incluso la hora de la comida, se convierte en una oportunidad para aprender, crecer y fortalecer valores esenciales.<\/p>\n<p> Contacto<\/p>\n<p>\nNombre contacto: Colegio Juan Pablo II de Parla<\/p>\n<p>\nDescripci\u00f3n contacto: Comunicaci\u00f3n<\/p>\n<p>\nTel\u00e9fono de contacto: 911610055<\/p>\n","protected":false},"excerpt":{"rendered":"<p>(Informaci\u00f3n remitida por la empresa firmante) El comedor Tutorizado llega a la etapa de Primaria del Colegio Juan Pablo II de Parla: un espacio donde los alumnos aprenden a comportarse con educaci\u00f3n en la mesa, a disfrutar de una comida compartida y a conectar con sus tutores en un ambiente distendido, reforzando la convivencia y [&hellip;]<\/p>\n","protected":false},"author":1,"featured_media":0,"comment_status":"closed","ping_status":"closed","sticky":false,"template":"","format":"standard","meta":{"footnotes":""},"categories":[2],"tags":[],"class_list":["post-59757","post","type-post","status-publish","format-standard","hentry","category-noticias"],"_links":{"self":[{"href":"https:\/\/webciudadana.net\/index.php?rest_route=\/wp\/v2\/posts\/59757","targetHints":{"allow":["GET"]}}],"collection":[{"href":"https:\/\/webciudadana.net\/index.php?rest_route=\/wp\/v2\/posts"}],"about":[{"href":"https:\/\/webciudadana.net\/index.php?rest_route=\/wp\/v2\/types\/post"}],"author":[{"embeddable":true,"href":"https:\/\/webciudadana.net\/index.php?rest_route=\/wp\/v2\/users\/1"}],"replies":[{"embeddable":true,"href":"https:\/\/webciudadana.net\/index.php?rest_route=%2Fwp%2Fv2%2Fcomments&post=59757"}],"version-history":[{"count":0,"href":"https:\/\/webciudadana.net\/index.php?rest_route=\/wp\/v2\/posts\/59757\/revisions"}],"wp:attachment":[{"href":"https:\/\/webciudadana.net\/index.php?rest_route=%2Fwp%2Fv2%2Fmedia&parent=59757"}],"wp:term":[{"taxonomy":"category","embeddable":true,"href":"https:\/\/webciudadana.net\/index.php?rest_route=%2Fwp%2Fv2%2Fcategories&post=59757"},{"taxonomy":"post_tag","embeddable":true,"href":"https:\/\/webciudadana.net\/index.php?rest_route=%2Fwp%2Fv2%2Ftags&post=59757"}],"curies":[{"name":"wp","href":"https:\/\/api.w.org\/{rel}","templated":true}]}}