{"id":59758,"date":"2025-02-28T13:51:40","date_gmt":"2025-02-28T12:51:40","guid":{"rendered":"https:\/\/ticker-noticiasep.microcontenidos.com\/NoticiaRSS.vbhtml?user=FRND562DLP&amp;cod=20250228135140"},"modified":"2025-02-28T13:51:40","modified_gmt":"2025-02-28T12:51:40","slug":"sociedad-afepadi-analizara-el-mercado-espanol-de-complementos-alimenticios-en-nutraceuticals-europe-summitexpo-2025","status":"publish","type":"post","link":"https:\/\/webciudadana.net\/?p=59758","title":{"rendered":"Sociedad: AFEPADI analizar\u00e1 el mercado espa\u00f1ol de complementos alimenticios en Nutraceuticals Europe Summit&amp;Expo 2025"},"content":{"rendered":"\n<div><img decoding=\"async\" src=\"https:\/\/img.europapress.es\/fotoweb\/fotonoticia_20250228135140_300.jpg\" class=\"ff-og-image-inserted\"><\/div>\n<p>(Informaci\u00f3n remitida por la empresa firmante)<\/p>\n<p>\nLa Asociaci\u00f3n Espa\u00f1ola de Complementos Alimenticios (Afepadi) presentar\u00e1 una visi\u00f3n global y actualizada del mercado espa\u00f1ol de complementos alimenticios en una conferencia que tendr\u00e1 lugar el 5 de marzo a las 15:40 h en el pabell\u00f3n 1 de IFEMA<\/p>\n<p>\nMadrid, 28 de febrero de 2025.- Tania Gavil\u00e1n, responsable del \u00e1rea regulatoria y Agust\u00edn Roqu\u00e9, secretario general de Afepadi, presentar\u00e1n las principales magnitudes del sector y del mercado de los nutrac\u00e9uticos, a partir de los estudios m\u00e1s recientes realizados en el marco del Observatorio Food Supplements Afepadi. En la conferencia se ofrecer\u00e1 una perspectiva de los principales canales de venta de los complementos alimenticios y se analizar\u00e1 el perfil del consumidor espa\u00f1ol de este tipo de productos, sus motivaciones y h\u00e1bitos de compra, as\u00ed como sus preferencias en cuanto a fuentes de informaci\u00f3n.<\/p>\n<p> Afepadi promueve, a trav\u00e9s de su Observatorio Food Supplements, la realizaci\u00f3n y difusi\u00f3n de estudios sobre el mercado de complementos alimenticios con car\u00e1cter anual. Con esta actividad, ofrece a sus asociados acceso a informaci\u00f3n objetiva, contrastada y actualizada y facilita a las empresas un mejor conocimiento del mercado para la toma de decisiones informadas.<\/p>\n<p> Como organizaci\u00f3n de referencia del sector de complementos alimenticios, Afepadi ofrece un amplio abanico de servicios a las empresas de toda la cadena de valor de los complementos alimenticios, que incluye a comercializadoras, fabricantes de materias primas, distribuidores, mayoristas, elaboradores de productos terminados y empresas de servicios relacionados. La asociaci\u00f3n cuenta con un equipo altamente cualificado y ofrece a sus miembros asesoramiento especializado y respaldo empresarial, a trav\u00e9s de servicios como la asesor\u00eda regulatoria, la formaci\u00f3n t\u00e9cnico-comercial, el networking o el acompa\u00f1amiento en comercio internacional.<\/p>\n<p> Como parte de su funci\u00f3n de representaci\u00f3n y defensa de los intereses comunes de las empresas, Afepadi mantiene relaciones con las Administraciones auton\u00f3micas, espa\u00f1ola y europea para promover un entorno normativo seguro para el sector. Adem\u00e1s, trabaja para legitimar y dar prestigio al sector ante entidades, medios de comunicaci\u00f3n y opini\u00f3n p\u00fablica, y participa de forma activa en los principales foros y eventos de su \u00e1mbito.<\/p>\n<p> Con m\u00e1s de 130 empresas asociadas en la actualidad, Afepadi ha experimentado un impulso importante en los \u00faltimos dos a\u00f1os y prev\u00e9 seguir creciendo con la incorporaci\u00f3n de nuevos socios. Seg\u00fan M\u00f3nica Gispert, presidenta de la asociaci\u00f3n, \u00abel nuevo enfoque estrat\u00e9gico implementado por la actual Junta Directiva de Afepadi est\u00e1 dando sus resultados positivos. Hemos fortalecido nuestra imagen, aumentado la visibilidad ante grupos de inter\u00e9s clave y afianzado los canales de di\u00e1logo con autoridades estatales y auton\u00f3micas en representaci\u00f3n de nuestros asociados.\u00bb En cuanto a las ventajas de formar parte de la asociaci\u00f3n para las empresas del sector, Gispert destaca: \u00abUnirse a Afepadi no solo permite a las compa\u00f1\u00edas de complementos alimenticios aprovechar nuestros servicios, sino que tambi\u00e9n impulsa nuestro crecimiento colectivo, generando un impacto beneficioso en cada miembro\u00bb.<\/p>\n<p> Afepadi ha sido clave en el impulso de Nutraceuticals Europe Summit &amp; Expo, consolid\u00e1ndolo como un evento internacional de referencia para la industria de complementos alimenticios. En su octava edici\u00f3n, AFEPADI reafirma su compromiso con sus socios y el sector, apostando por el crecimiento, la creaci\u00f3n de alianzas y la defensa de intereses comunes.<\/p>\n<p> Emisor: Afepadi<\/p>\n<p>\nContacto<\/p>\n<p>\nNombre contacto: Conchita Orti<\/p>\n<p>\nDescripci\u00f3n contacto: Gabinete de prensa AFEPADI<\/p>\n<p>\nTel\u00e9fono de contacto: 609733299<\/p>\n","protected":false},"excerpt":{"rendered":"<p>(Informaci\u00f3n remitida por la empresa firmante) La Asociaci\u00f3n Espa\u00f1ola de Complementos Alimenticios (Afepadi) presentar\u00e1 una visi\u00f3n global y actualizada del mercado espa\u00f1ol de complementos alimenticios en una conferencia que tendr\u00e1 lugar el 5 de marzo a las 15:40 h en el pabell\u00f3n 1 de IFEMA Madrid, 28 de febrero de 2025.- Tania Gavil\u00e1n, responsable del [&hellip;]<\/p>\n","protected":false},"author":1,"featured_media":0,"comment_status":"closed","ping_status":"closed","sticky":false,"template":"","format":"standard","meta":{"footnotes":""},"categories":[2],"tags":[],"class_list":["post-59758","post","type-post","status-publish","format-standard","hentry","category-noticias"],"_links":{"self":[{"href":"https:\/\/webciudadana.net\/index.php?rest_route=\/wp\/v2\/posts\/59758","targetHints":{"allow":["GET"]}}],"collection":[{"href":"https:\/\/webciudadana.net\/index.php?rest_route=\/wp\/v2\/posts"}],"about":[{"href":"https:\/\/webciudadana.net\/index.php?rest_route=\/wp\/v2\/types\/post"}],"author":[{"embeddable":true,"href":"https:\/\/webciudadana.net\/index.php?rest_route=\/wp\/v2\/users\/1"}],"replies":[{"embeddable":true,"href":"https:\/\/webciudadana.net\/index.php?rest_route=%2Fwp%2Fv2%2Fcomments&post=59758"}],"version-history":[{"count":0,"href":"https:\/\/webciudadana.net\/index.php?rest_route=\/wp\/v2\/posts\/59758\/revisions"}],"wp:attachment":[{"href":"https:\/\/webciudadana.net\/index.php?rest_route=%2Fwp%2Fv2%2Fmedia&parent=59758"}],"wp:term":[{"taxonomy":"category","embeddable":true,"href":"https:\/\/webciudadana.net\/index.php?rest_route=%2Fwp%2Fv2%2Fcategories&post=59758"},{"taxonomy":"post_tag","embeddable":true,"href":"https:\/\/webciudadana.net\/index.php?rest_route=%2Fwp%2Fv2%2Ftags&post=59758"}],"curies":[{"name":"wp","href":"https:\/\/api.w.org\/{rel}","templated":true}]}}