{"id":59759,"date":"2025-02-28T13:42:15","date_gmt":"2025-02-28T12:42:15","guid":{"rendered":"https:\/\/ticker-noticiasep.microcontenidos.com\/NoticiaRSS.vbhtml?user=FRND562DLP&amp;cod=20250228134215"},"modified":"2025-02-28T13:42:15","modified_gmt":"2025-02-28T12:42:15","slug":"sociedad-narrativa-y-conocimiento-se-unen-en-el-siglo-de-las-sombras-un-podcast-de-ficcion-de-produccion-indie","status":"publish","type":"post","link":"https:\/\/webciudadana.net\/?p=59759","title":{"rendered":"Sociedad: Narrativa y conocimiento se unen en &#8216;El siglo de las sombras&#8217;, un podcast de ficci\u00f3n de producci\u00f3n indie"},"content":{"rendered":"\n<div><img decoding=\"async\" src=\"https:\/\/img.europapress.es\/fotoweb\/fotonoticia_20250228134215_300.jpg\" class=\"ff-og-image-inserted\"><\/div>\n<p>(Informaci\u00f3n remitida por la empresa firmante)<\/p>\n<p>\nMadrid, 28 de febrero de 2025.- La evoluci\u00f3n de la comunicaci\u00f3n sonora ha dado paso a formatos innovadores que combinan entretenimiento y divulgaci\u00f3n. En este contexto, la ficci\u00f3n sonora ha encontrado un espacio de crecimiento dentro del mundo del podcast, permitiendo a los oyentes sumergirse en historias que, adem\u00e1s de emocionar, invitan a la reflexi\u00f3n. Dentro de esta tendencia, el podcast de ficci\u00f3n sonora innovador El Siglo de las Sombras, se posiciona como una propuesta \u00fanica que fusiona relatos dramatizados con entrevistas a expertos en cambios cient\u00edficos, tecnol\u00f3gicos y sociales.<\/p>\n<p> Una obra literaria de Jaime Mart\u00edn, adaptada y coproducida por Iv\u00e1n Patxi y la plataforma de podcast espa\u00f1ola Ivoox, este podcast independiente ofrece un enfoque h\u00edbrido que combina la narrativa de ficci\u00f3n con el an\u00e1lisis de especialistas en distintas \u00e1reas del conocimiento.<\/p>\n<p> A trav\u00e9s de una producci\u00f3n cuidada, el programa transporta al oyente a escenarios que exploran momentos clave de la humanidad, proporcionando al mismo tiempo una visi\u00f3n realista y fundamentada en hechos hist\u00f3ricos, avances cient\u00edficos y transformaciones sociales.<\/p>\n<p> Un podcast que une ficci\u00f3n y realidad<\/p>\n<p>\nCada episodio de El Siglo de las Sombras presenta una historia dramatizada ambientada en diferentes contextos hist\u00f3ricos y futuros especulativos. Las tramas, cargadas de tensi\u00f3n y emoci\u00f3n, buscan sumergir al oyente en escenarios donde la humanidad enfrenta desaf\u00edos cruciales, desde revoluciones tecnol\u00f3gicas hasta cambios estructurales en la sociedad. Una vez finalizado el relato narrado por Iv\u00e1n Patxi, el podcast da paso a una conversaci\u00f3n de Jaime Mart\u00edn con expertos que analizan los temas abordados en la ficci\u00f3n, proporcionando un marco real y acad\u00e9mico que contextualiza la historia y la relaciona con la evoluci\u00f3n del pensamiento y el conocimiento.<\/p>\n<p> Esta combinaci\u00f3n de formatos permite que el podcast trascienda el entretenimiento, convirti\u00e9ndose en una herramienta de divulgaci\u00f3n que acerca al p\u00fablico a cuestiones cient\u00edficas y filos\u00f3ficas desde una perspectiva accesible y cautivadora. Con una producci\u00f3n sonora envolvente y una estructura que alterna drama y an\u00e1lisis, El Siglo de las Sombras marca una nueva forma de narrar la realidad a trav\u00e9s del podcast.<\/p>\n<p> Un podcast independiente con una producci\u00f3n de alto nivel<\/p>\n<p>\nEl Siglo de las Sombras es un podcast de ficci\u00f3n sonora innovador de producci\u00f3n independiente que ha conseguido posicionarse en los rankings de podcast en la categor\u00eda de ficci\u00f3n por delante de obras con importante inversi\u00f3n econ\u00f3mica por parte de multinacionales como Ikea, Banco Santander o ING Direct.<\/p>\n<p> Destaca por su dise\u00f1o de sonido que transporta al oyente a los escenarios descritos en cada historia. La experiencia auditiva se convierte en un elemento clave para la inmersi\u00f3n en cada episodio.<\/p>\n<p> El compromiso de Iv\u00e1n Patxi con la calidad narrativa y t\u00e9cnica ha permitido que este podcast independiente se distinga dentro del panorama del audio digital en espa\u00f1ol. Su enfoque innovador refuerza el potencial del podcast como medio de exploraci\u00f3n de grandes ideas, uniendo el poder de la ficci\u00f3n con el rigor del an\u00e1lisis.<\/p>\n<p> A medida que El Siglo de las Sombras contin\u00faa expandiendo su universo narrativo, sigue consolid\u00e1ndose como una propuesta \u00fanica dentro del mundo del podcast en espa\u00f1ol. La combinaci\u00f3n de dramatizaci\u00f3n e investigaci\u00f3n abre nuevas posibilidades para contar historias que no solo entretienen, sino que tambi\u00e9n invitan a repensar el mundo y sus transformaciones, y que Iv\u00e1n Patxi present\u00f3 hace pocas semanas en Parix Day denomin\u00e1ndolo como \u00abbookcast\u00bb, uniendo la industria del audiolibro y los podcast.<\/p>\n<p> Contacto<\/p>\n<p>\nNombre del emisor: El siglo de las sombras<\/p>\n<p>\nDescripci\u00f3n de contacto: Gabinete Period\u00edstico<\/p>\n<p>\nEmail de contacto: comunicados@prensaymedios.com<\/p>\n","protected":false},"excerpt":{"rendered":"<p>(Informaci\u00f3n remitida por la empresa firmante) Madrid, 28 de febrero de 2025.- La evoluci\u00f3n de la comunicaci\u00f3n sonora ha dado paso a formatos innovadores que combinan entretenimiento y divulgaci\u00f3n. En este contexto, la ficci\u00f3n sonora ha encontrado un espacio de crecimiento dentro del mundo del podcast, permitiendo a los oyentes sumergirse en historias que, adem\u00e1s [&hellip;]<\/p>\n","protected":false},"author":1,"featured_media":0,"comment_status":"closed","ping_status":"closed","sticky":false,"template":"","format":"standard","meta":{"footnotes":""},"categories":[2],"tags":[],"class_list":["post-59759","post","type-post","status-publish","format-standard","hentry","category-noticias"],"_links":{"self":[{"href":"https:\/\/webciudadana.net\/index.php?rest_route=\/wp\/v2\/posts\/59759","targetHints":{"allow":["GET"]}}],"collection":[{"href":"https:\/\/webciudadana.net\/index.php?rest_route=\/wp\/v2\/posts"}],"about":[{"href":"https:\/\/webciudadana.net\/index.php?rest_route=\/wp\/v2\/types\/post"}],"author":[{"embeddable":true,"href":"https:\/\/webciudadana.net\/index.php?rest_route=\/wp\/v2\/users\/1"}],"replies":[{"embeddable":true,"href":"https:\/\/webciudadana.net\/index.php?rest_route=%2Fwp%2Fv2%2Fcomments&post=59759"}],"version-history":[{"count":0,"href":"https:\/\/webciudadana.net\/index.php?rest_route=\/wp\/v2\/posts\/59759\/revisions"}],"wp:attachment":[{"href":"https:\/\/webciudadana.net\/index.php?rest_route=%2Fwp%2Fv2%2Fmedia&parent=59759"}],"wp:term":[{"taxonomy":"category","embeddable":true,"href":"https:\/\/webciudadana.net\/index.php?rest_route=%2Fwp%2Fv2%2Fcategories&post=59759"},{"taxonomy":"post_tag","embeddable":true,"href":"https:\/\/webciudadana.net\/index.php?rest_route=%2Fwp%2Fv2%2Ftags&post=59759"}],"curies":[{"name":"wp","href":"https:\/\/api.w.org\/{rel}","templated":true}]}}